{"id":9598,"date":"2024-03-06T06:56:48","date_gmt":"2024-03-06T09:56:48","guid":{"rendered":"https:\/\/www.correiodascidades.com.br\/v1\/?p=9598"},"modified":"2024-03-06T06:56:48","modified_gmt":"2024-03-06T09:56:48","slug":"dorival-convoca-nesta-sexta-selecao-brasileira-para-amistosos-contra-inglaterra-e-espanha","status":"publish","type":"post","link":"https:\/\/www.correiodascidades.com.br\/v1\/2024\/03\/06\/dorival-convoca-nesta-sexta-selecao-brasileira-para-amistosos-contra-inglaterra-e-espanha\/","title":{"rendered":"Dorival convoca nesta sexta Sele\u00e7\u00e3o Brasileira para amistosos contra Inglaterra e Espanha"},"content":{"rendered":"<p><span class=\"dropcap \">O <\/span>t\u00e9cnico Dorival J\u00fanior convocar\u00e1 nesta sexta-feira (1\u00ba) os jogadores que ir\u00e3o representar a Sele\u00e7\u00e3o Brasileira Masculina nos amistosos contra Inglaterra e Espanha. O primeiro confronto acontece no dia 23 de mar\u00e7o, em Wembley, enquanto o segundo ser\u00e1 no Santiago Bernab\u00e9u, dia 26.<\/p>\n<p>O evento ocorrer\u00e1 na sede da CBF, no Rio de Janeiro (RJ), a partir das 13h (hor\u00e1rio de Bras\u00edlia), e contar\u00e1 com transmiss\u00e3o da CBF TV.<\/p>\n<p>A convoca\u00e7\u00e3o ser\u00e1 a primeira do t\u00e9cnico Dorival J\u00fanior no comando da Sele\u00e7\u00e3o. Ele assumiu a equipe no m\u00eas passado.<\/p>\n<p>&nbsp;<\/p>\n","protected":false},"excerpt":{"rendered":"<p>O t\u00e9cnico Dorival J\u00fanior convocar\u00e1 nesta sexta-feira (1\u00ba) os jogadores que ir\u00e3o representar a Sele\u00e7\u00e3o Brasileira Masculina nos amistosos contra Inglaterra e Espanha. O primeiro confronto acontece no dia 23 de mar\u00e7o, em Wembley, enquanto o segundo ser\u00e1 no Santiago Bernab\u00e9u, dia 26. O evento ocorrer\u00e1 na sede da CBF, no Rio de Janeiro (RJ), [&hellip;]<\/p>\n","protected":false},"author":3,"featured_media":9599,"comment_status":"closed","ping_status":"closed","sticky":false,"template":"","format":"standard","meta":{"_links_to":"","_links_to_target":""},"categories":[1],"tags":[],"_links":{"self":[{"href":"https:\/\/www.correiodascidades.com.br\/v1\/wp-json\/wp\/v2\/posts\/9598"}],"collection":[{"href":"https:\/\/www.correiodascidades.com.br\/v1\/wp-json\/wp\/v2\/posts"}],"about":[{"href":"https:\/\/www.correiodascidades.com.br\/v1\/wp-json\/wp\/v2\/types\/post"}],"author":[{"embeddable":true,"href":"https:\/\/www.correiodascidades.com.br\/v1\/wp-json\/wp\/v2\/users\/3"}],"replies":[{"embeddable":true,"href":"https:\/\/www.correiodascidades.com.br\/v1\/wp-json\/wp\/v2\/comments?post=9598"}],"version-history":[{"count":1,"href":"https:\/\/www.correiodascidades.com.br\/v1\/wp-json\/wp\/v2\/posts\/9598\/revisions"}],"predecessor-version":[{"id":9600,"href":"https:\/\/www.correiodascidades.com.br\/v1\/wp-json\/wp\/v2\/posts\/9598\/revisions\/9600"}],"wp:featuredmedia":[{"embeddable":true,"href":"https:\/\/www.correiodascidades.com.br\/v1\/wp-json\/wp\/v2\/media\/9599"}],"wp:attachment":[{"href":"https:\/\/www.correiodascidades.com.br\/v1\/wp-json\/wp\/v2\/media?parent=9598"}],"wp:term":[{"taxonomy":"category","embeddable":true,"href":"https:\/\/www.correiodascidades.com.br\/v1\/wp-json\/wp\/v2\/categories?post=9598"},{"taxonomy":"post_tag","embeddable":true,"href":"https:\/\/www.correiodascidades.com.br\/v1\/wp-json\/wp\/v2\/tags?post=9598"}],"curies":[{"name":"wp","href":"https:\/\/api.w.org\/{rel}","templated":true}]}}