{"id":9601,"date":"2024-03-06T07:00:10","date_gmt":"2024-03-06T10:00:10","guid":{"rendered":"https:\/\/www.correiodascidades.com.br\/v1\/?p=9601"},"modified":"2024-03-06T07:00:10","modified_gmt":"2024-03-06T10:00:10","slug":"investigado-por-latrocinio-tem-mandado-cumprido-em-marau","status":"publish","type":"post","link":"https:\/\/www.correiodascidades.com.br\/v1\/2024\/03\/06\/investigado-por-latrocinio-tem-mandado-cumprido-em-marau\/","title":{"rendered":"Investigado por latroc\u00ednio tem mandado cumprido em Mara\u00fa"},"content":{"rendered":"<h1 id=\"story_title\"><img loading=\"lazy\" class=\"\" src=\"https:\/\/www.correiodascidades.com.br\/v1\/wp-content\/uploads\/2024\/03\/thumb_1709648599LatrocinioCaraiva.jpeg\" width=\"352\" height=\"322\" \/><\/h1>\n<div id=\"story_text\">\n<div>Uma a\u00e7\u00e3o conjunta da Delegacia Territorial (DT) de Mara\u00fa, do Posto Avan\u00e7ado de Trancoso e do N\u00facleo de Intelig\u00eancia (NI) da 23\u00aa Coordenadoria Regional de Pol\u00edcia do Interior (Coorpin\/Eun\u00e1polis) resultou na pris\u00e3o de um homem, de 29 anos, suspeito de um latroc\u00ednio ocorrido em Cara\u00edva, em maio de 2023.<\/div>\n<div>De acordo com o coordenador regional de Eun\u00e1polis, delegado Paulo Henrique de Oliveira, ap\u00f3s diversas dilig\u00eancias o suspeito do crime, que trabalhava numa<\/div>\n<\/div>\n<p><!--more--><\/p>\n<div>regi\u00e3o pr\u00f3xima a casa da v\u00edtima, foi identificado. As investiga\u00e7\u00f5es apontaram que Rubens Rezende Carvalho, cujo corpo foi encontrado no \u00faltimo s\u00e1bado (2), desapareceu no dia 30 de maio do ano passado, mesma data em que teve o seu carro, celular, aparelho de TV e a quantia de R$ 20 mil subtra\u00eddos da sua resid\u00eancia.<\/div>\n<div>&#8220;O suspeito tinha conhecimento de que Rubens guardava em casa uma relevante quantia em dinheiro e foi visto saindo da resid\u00eancia da v\u00edtima nos dias anteriores ao seu desaparecimento&#8221;, informou o delegado. Ap\u00f3s a localiza\u00e7\u00e3o do corpo, foi solicitada \u00e0 Justi\u00e7a a pris\u00e3o tempor\u00e1ria do investigado, que foi deferida pela 1\u00aa Vara Criminal de Porto Seguro.<\/div>\n<div><\/div>\n<div>Com o cumprimento da ordem judicial, o homem foi submetido ao exame de les\u00e3o corporal e permanece \u00e0 disposi\u00e7\u00e3o do Poder Judici\u00e1rio. Ele vai responder por latroc\u00ednio consumado, cuja pena pode chegar a 30 anos de reclus\u00e3o.<\/div>\n","protected":false},"excerpt":{"rendered":"<p>Uma a\u00e7\u00e3o conjunta da Delegacia Territorial (DT) de Mara\u00fa, do Posto Avan\u00e7ado de Trancoso e do N\u00facleo de Intelig\u00eancia (NI) da 23\u00aa Coordenadoria Regional de Pol\u00edcia do Interior (Coorpin\/Eun\u00e1polis) resultou na pris\u00e3o de um homem, de 29 anos, suspeito de um latroc\u00ednio ocorrido em Cara\u00edva, em maio de 2023. De acordo com o coordenador regional [&hellip;]<\/p>\n","protected":false},"author":3,"featured_media":9602,"comment_status":"closed","ping_status":"closed","sticky":false,"template":"","format":"standard","meta":{"_links_to":"","_links_to_target":""},"categories":[1],"tags":[],"_links":{"self":[{"href":"https:\/\/www.correiodascidades.com.br\/v1\/wp-json\/wp\/v2\/posts\/9601"}],"collection":[{"href":"https:\/\/www.correiodascidades.com.br\/v1\/wp-json\/wp\/v2\/posts"}],"about":[{"href":"https:\/\/www.correiodascidades.com.br\/v1\/wp-json\/wp\/v2\/types\/post"}],"author":[{"embeddable":true,"href":"https:\/\/www.correiodascidades.com.br\/v1\/wp-json\/wp\/v2\/users\/3"}],"replies":[{"embeddable":true,"href":"https:\/\/www.correiodascidades.com.br\/v1\/wp-json\/wp\/v2\/comments?post=9601"}],"version-history":[{"count":1,"href":"https:\/\/www.correiodascidades.com.br\/v1\/wp-json\/wp\/v2\/posts\/9601\/revisions"}],"predecessor-version":[{"id":9603,"href":"https:\/\/www.correiodascidades.com.br\/v1\/wp-json\/wp\/v2\/posts\/9601\/revisions\/9603"}],"wp:featuredmedia":[{"embeddable":true,"href":"https:\/\/www.correiodascidades.com.br\/v1\/wp-json\/wp\/v2\/media\/9602"}],"wp:attachment":[{"href":"https:\/\/www.correiodascidades.com.br\/v1\/wp-json\/wp\/v2\/media?parent=9601"}],"wp:term":[{"taxonomy":"category","embeddable":true,"href":"https:\/\/www.correiodascidades.com.br\/v1\/wp-json\/wp\/v2\/categories?post=9601"},{"taxonomy":"post_tag","embeddable":true,"href":"https:\/\/www.correiodascidades.com.br\/v1\/wp-json\/wp\/v2\/tags?post=9601"}],"curies":[{"name":"wp","href":"https:\/\/api.w.org\/{rel}","templated":true}]}}