{"id":9604,"date":"2024-03-06T07:04:34","date_gmt":"2024-03-06T10:04:34","guid":{"rendered":"https:\/\/www.correiodascidades.com.br\/v1\/?p=9604"},"modified":"2024-03-06T07:04:34","modified_gmt":"2024-03-06T10:04:34","slug":"policia-civil-prende-tres-acusados-de-chacina-de-ciganos-em-jequie","status":"publish","type":"post","link":"https:\/\/www.correiodascidades.com.br\/v1\/2024\/03\/06\/policia-civil-prende-tres-acusados-de-chacina-de-ciganos-em-jequie\/","title":{"rendered":"Pol\u00edcia Civil prende tr\u00eas acusados de chacina de ciganos em Jequi\u00e9"},"content":{"rendered":"<h1><img loading=\"lazy\" class=\"\" src=\"https:\/\/www.correiodascidades.com.br\/v1\/wp-content\/uploads\/2024\/03\/thumb_1709642898Chacina.jpeg\" width=\"227\" height=\"174\" \/><\/h1>\n<h1 id=\"story_title\"><span style=\"font-size: 16px;\">Mais de 50 policiais civis participam da Opera\u00e7\u00e3o Hera, deflagrada pelo Departamento de Pol\u00edcia do Interior (Depin), por meio da 9\u00aa Coordenadoria Regional de Pol\u00edcia do Interior (Coorpin\/Jequi\u00e9), na manh\u00e3 desta ter\u00e7a-feira (4), em tr\u00eas munic\u00edpios do interior da Bahia e na Regi\u00e3o Metropolitana de Salvador (RMS). Tr\u00eas acusados tiveram os mandados de pris\u00e3o cumpridos nas primeiras horas da opera\u00e7\u00e3o.<\/span><!--more--><\/h1>\n<div id=\"story_text\">\n<div>Durante as a\u00e7\u00f5es realizadas, com o apoio da Coordena\u00e7\u00e3o de Opera\u00e7\u00f5es e Recursos Especiais (Core) e do Departamento de Intelig\u00eancia Policial (DIP), tamb\u00e9m s\u00e3o cumpridos mandados de busca e apreens\u00e3o contra envolvidos na chacina de seis ciganos, no munic\u00edpio de Jequi\u00e9, em outubro de 2023, quando uma mulher gr\u00e1vida e uma crian\u00e7a de cinco anos tamb\u00e9m foram v\u00edtimas de disparos de arma de fogo.<\/div>\n<div><\/div>\n<div>Tamb\u00e9m participam das a\u00e7\u00f5es equipes das Coordena\u00e7\u00f5es de Apoio T\u00e9cnico a Investiga\u00e7\u00e3o (Cati\/Sede-Depin, Norte, Central e Sudoeste). A Opera\u00e7\u00e3o Hera tamb\u00e9m tem o apoio da Pol\u00edcia Militar.<\/div>\n<\/div>\n","protected":false},"excerpt":{"rendered":"<p>Mais de 50 policiais civis participam da Opera\u00e7\u00e3o Hera, deflagrada pelo Departamento de Pol\u00edcia do Interior (Depin), por meio da 9\u00aa Coordenadoria Regional de Pol\u00edcia do Interior (Coorpin\/Jequi\u00e9), na manh\u00e3 desta ter\u00e7a-feira (4), em tr\u00eas munic\u00edpios do interior da Bahia e na Regi\u00e3o Metropolitana de Salvador (RMS). Tr\u00eas acusados tiveram os mandados de pris\u00e3o cumpridos [&hellip;]<\/p>\n","protected":false},"author":3,"featured_media":9605,"comment_status":"closed","ping_status":"closed","sticky":false,"template":"","format":"standard","meta":{"_links_to":"","_links_to_target":""},"categories":[11],"tags":[],"_links":{"self":[{"href":"https:\/\/www.correiodascidades.com.br\/v1\/wp-json\/wp\/v2\/posts\/9604"}],"collection":[{"href":"https:\/\/www.correiodascidades.com.br\/v1\/wp-json\/wp\/v2\/posts"}],"about":[{"href":"https:\/\/www.correiodascidades.com.br\/v1\/wp-json\/wp\/v2\/types\/post"}],"author":[{"embeddable":true,"href":"https:\/\/www.correiodascidades.com.br\/v1\/wp-json\/wp\/v2\/users\/3"}],"replies":[{"embeddable":true,"href":"https:\/\/www.correiodascidades.com.br\/v1\/wp-json\/wp\/v2\/comments?post=9604"}],"version-history":[{"count":1,"href":"https:\/\/www.correiodascidades.com.br\/v1\/wp-json\/wp\/v2\/posts\/9604\/revisions"}],"predecessor-version":[{"id":9606,"href":"https:\/\/www.correiodascidades.com.br\/v1\/wp-json\/wp\/v2\/posts\/9604\/revisions\/9606"}],"wp:featuredmedia":[{"embeddable":true,"href":"https:\/\/www.correiodascidades.com.br\/v1\/wp-json\/wp\/v2\/media\/9605"}],"wp:attachment":[{"href":"https:\/\/www.correiodascidades.com.br\/v1\/wp-json\/wp\/v2\/media?parent=9604"}],"wp:term":[{"taxonomy":"category","embeddable":true,"href":"https:\/\/www.correiodascidades.com.br\/v1\/wp-json\/wp\/v2\/categories?post=9604"},{"taxonomy":"post_tag","embeddable":true,"href":"https:\/\/www.correiodascidades.com.br\/v1\/wp-json\/wp\/v2\/tags?post=9604"}],"curies":[{"name":"wp","href":"https:\/\/api.w.org\/{rel}","templated":true}]}}