{"id":9607,"date":"2024-03-06T07:30:39","date_gmt":"2024-03-06T10:30:39","guid":{"rendered":"https:\/\/www.correiodascidades.com.br\/v1\/?p=9607"},"modified":"2024-03-06T07:51:41","modified_gmt":"2024-03-06T10:51:41","slug":"9607","status":"publish","type":"post","link":"https:\/\/www.correiodascidades.com.br\/v1\/2024\/03\/06\/9607\/","title":{"rendered":"Diretoria do Itabuna Esporte Clube esclarece sobre osproblemas que aconteceram"},"content":{"rendered":"<p><img loading=\"lazy\" class=\"\" src=\"https:\/\/www.correiodascidades.com.br\/v1\/wp-content\/uploads\/2024\/03\/6c539936-f684-4244-ba90-a7b122dc4871-1.jpeg\" width=\"506\" height=\"354\" \/><\/p>\n<p>Na tarde desta ter\u00e7a, dia 05, Ederivaldo Benedito-Ben\u00e9, diretor de Comunica\u00e7\u00e3o do IEC, reuniu &#8211; sem seguran\u00e7as ou prote\u00e7\u00e3o policial &#8211; no restaurante do Pr\u00edncipe Hotel, centro de Itabuna, Rui Corr\u00eaa (presidente do Conselho Deliberativo), Souza Pontes (presidente do Conselho Fiscal), Sandoval Benevides (vice-presidente), diretores e conselheiros do clube, que conversaram com a Imprensa, prestaram solidariedade a Rodrigo Xavier (presidente da Diretoria Executiva) e a Ricardo Xavier (diretor de Futebol), refutaram as falsas acusa\u00e7\u00f5es e anunciaram que v\u00e3o processar todos os acusadores.<br \/>\nMas l\u00e1 n\u00e3o apareceu nenhum homem de bem, corajoso, para afirmar frente a frente, publicamente, que naquele local se encontravam dirigentes ladr\u00f5es, desonestos&#8230;<br \/>\n&#8220;Macaco n\u00e3o sobe em p\u00e9 de coentro&#8221;, dizia minha saudosa av\u00f3!<\/p>\n","protected":false},"excerpt":{"rendered":"<p>Na tarde desta ter\u00e7a, dia 05, Ederivaldo Benedito-Ben\u00e9, diretor de Comunica\u00e7\u00e3o do IEC, reuniu &#8211; sem seguran\u00e7as ou prote\u00e7\u00e3o policial &#8211; no restaurante do Pr\u00edncipe Hotel, centro de Itabuna, Rui Corr\u00eaa (presidente do Conselho Deliberativo), Souza Pontes (presidente do Conselho Fiscal), Sandoval Benevides (vice-presidente), diretores e conselheiros do clube, que conversaram com a Imprensa, prestaram [&hellip;]<\/p>\n","protected":false},"author":3,"featured_media":9608,"comment_status":"closed","ping_status":"closed","sticky":false,"template":"","format":"standard","meta":{"_links_to":"","_links_to_target":""},"categories":[11],"tags":[],"_links":{"self":[{"href":"https:\/\/www.correiodascidades.com.br\/v1\/wp-json\/wp\/v2\/posts\/9607"}],"collection":[{"href":"https:\/\/www.correiodascidades.com.br\/v1\/wp-json\/wp\/v2\/posts"}],"about":[{"href":"https:\/\/www.correiodascidades.com.br\/v1\/wp-json\/wp\/v2\/types\/post"}],"author":[{"embeddable":true,"href":"https:\/\/www.correiodascidades.com.br\/v1\/wp-json\/wp\/v2\/users\/3"}],"replies":[{"embeddable":true,"href":"https:\/\/www.correiodascidades.com.br\/v1\/wp-json\/wp\/v2\/comments?post=9607"}],"version-history":[{"count":3,"href":"https:\/\/www.correiodascidades.com.br\/v1\/wp-json\/wp\/v2\/posts\/9607\/revisions"}],"predecessor-version":[{"id":9612,"href":"https:\/\/www.correiodascidades.com.br\/v1\/wp-json\/wp\/v2\/posts\/9607\/revisions\/9612"}],"wp:featuredmedia":[{"embeddable":true,"href":"https:\/\/www.correiodascidades.com.br\/v1\/wp-json\/wp\/v2\/media\/9608"}],"wp:attachment":[{"href":"https:\/\/www.correiodascidades.com.br\/v1\/wp-json\/wp\/v2\/media?parent=9607"}],"wp:term":[{"taxonomy":"category","embeddable":true,"href":"https:\/\/www.correiodascidades.com.br\/v1\/wp-json\/wp\/v2\/categories?post=9607"},{"taxonomy":"post_tag","embeddable":true,"href":"https:\/\/www.correiodascidades.com.br\/v1\/wp-json\/wp\/v2\/tags?post=9607"}],"curies":[{"name":"wp","href":"https:\/\/api.w.org\/{rel}","templated":true}]}}