{"id":9669,"date":"2024-03-09T10:03:06","date_gmt":"2024-03-09T13:03:06","guid":{"rendered":"https:\/\/www.correiodascidades.com.br\/v1\/?p=9669"},"modified":"2024-03-09T10:03:06","modified_gmt":"2024-03-09T13:03:06","slug":"encontro-do-pl-mulher-reune-250-liderancas-femininas-em-salvador","status":"publish","type":"post","link":"https:\/\/www.correiodascidades.com.br\/v1\/2024\/03\/09\/encontro-do-pl-mulher-reune-250-liderancas-femininas-em-salvador\/","title":{"rendered":"Encontro do PL Mulher re\u00fane 250 lideran\u00e7as femininas em Salvador"},"content":{"rendered":"<blockquote><p><img loading=\"lazy\" class=\"\" src=\"https:\/\/www.correiodascidades.com.br\/v1\/wp-content\/uploads\/2024\/03\/IMG-20240308-WA0193.jpg\" width=\"509\" height=\"328\" \/><\/p>\n<p>\u201cSomos mulheres comuns que resolveram sair da in\u00e9rcia pra mudar a realidade do nosso Pa\u00eds. Sabemos que o 8 de Mar\u00e7o \u00e9 s\u00f3 mais um dia no calend\u00e1rio. Nosso dia \u00e9 todos os dias porque todos os dias temos que cumprir miss\u00f5es\u201d. Foi essa mensagem de protagonismo da mulher na pol\u00edtica que a presidente nacional do PL Mulher, Michelle Bolsonaro, trouxe para o encontro do partido realizado na tarde de hoje no Centro de Conven\u00e7\u00f5es de Salvador.<\/p><\/blockquote>\n<p>A atividade reuniu 250 lideran\u00e7as de 36 munic\u00edpios baianos e contou com a participa\u00e7\u00e3o das deputadas federais Roberta Roma (BA), Am\u00e1lia Barros (MT), da secret\u00e1ria nacional do PL Mulher Joice Carvalho e da presidente do PL Mulher Salvador, Josi Flora.<!--more--><\/p>\n<blockquote><p>\u201cQueremos fazer uma pol\u00edtica feminina e n\u00e3o feminista. N\u00e3o queremos competir com os homens. N\u00f3s amamos os homens, amamos que eles paguem as contas, que abram as portas para n\u00f3s. Queremos contribuir com os homens. N\u00e3o queremos destruir a figura masculina\u201d, defendeu Michelle Bolsonaro.<\/p><\/blockquote>\n<p>Deputada federal mais votada na Bahia e presidente do PL Mulher no estado, Roberta Roma destacou a import\u00e2ncia da realiza\u00e7\u00e3o do encontro \u201ccom mulheres fortes e aguerridas. Nossa sempre primeira-dama Michelle Bolsonaro est\u00e1 aqui para estimular a participa\u00e7\u00e3o feminina na pol\u00edtica. Mostrar nossa fibra, nossa coragem e nossas potencialidades\u201d.<\/p>\n<p>*Programa P\u00e1tria Volunt\u00e1ria*<\/p>\n<p>Michelle Bolsonaro fez uma apresenta\u00e7\u00e3o de dados do Programa P\u00e1tria Volunt\u00e1ria, que ela teve a oportunidade de coordenar durante o governo do ex-presidente Jair Bolsonaro e que possu\u00eda um banco de dados com mais de 600 mil volunt\u00e1rios de todo o Pa\u00eds.<\/p>\n<p>\u201cA \u00e1rea social pelo Brasil est\u00e1 parada. Quantas institui\u00e7\u00f5es est\u00e3o paradas? Quantos projetos est\u00e3o parados?\u201d, lamentou.<\/p>\n<p>Ela explicou a import\u00e2ncia da participa\u00e7\u00e3o feminina na constru\u00e7\u00e3o das pol\u00edticas p\u00fablicas: \u201cO homem pode at\u00e9 construir uma pol\u00edtica p\u00fablica, por exemplo, sobre endometriose, que ele s\u00f3 conhece na teoria. A gente sabe o que uma mulher com endometriose sofre\u201d, explicou.<\/p>\n<p>*Lei Am\u00e1lia Barros*<\/p>\n<p>Presidente do PL do Mato Grosso e vice-presidente do PL Mulher, a deputada federal Am\u00e1lia Barros contou sua trajet\u00f3ria na pol\u00edtica at\u00e9 a aprova\u00e7\u00e3o da lei que leva o seu nome, gra\u00e7as a sua luta para viabilizar o reconhecimento legal das pessoas com vis\u00e3o monocular na qualidade pessoa com defici\u00eancia sensorial do tipo visual.<\/p>\n<p>\u201cO autor da lei \u00e9 um senador petista, Rog\u00e9rio Carvalho do estado de Sergipe, mas o PT votou contra o projeto porque a lei seria positiva para o governo Bolsonaro. O meu l\u00edder na pol\u00edtica me ensinou que n\u00e3o importa o autor do projeto, se ele \u00e9 bom para o Brasil tem que ser aprovado\u201d, afirmou.<\/p>\n<p>*Forma\u00e7\u00e3o Pol\u00edtica*<\/p>\n<p>Secret\u00e1ria nacional do PL Mulher, Joice Carvalho falou da disponibilidade de cursos de capacita\u00e7\u00e3o no site do PL Mulher e explicou os objetivos do partido.<\/p>\n<p>\u201cTem quase um ano que a gente reformulou o PL Mulher. Semana por semana, a gente d\u00e1 esse impulso nos Estados para esse projeto alavancar de maneira mais r\u00e1pida. N\u00f3s temos uma causa: encorajar as mulheres a entrar na pol\u00edtica, ser o maior movimento feminino partid\u00e1rio do Brasil, mas n\u00e3o por projeto de poder, e sim pela defesa dos nossos valores\u201d.<\/p>\n<p>*Coragem para participar*<\/p>\n<p>Pr\u00e9-candidata a vereadora em Salvador, Josi Flora falou da coragem que precisou ter para superar o medo das amea\u00e7as e das retalia\u00e7\u00f5es.<\/p>\n<p>\u201c\u00c9 muito dif\u00edcil ser uma mulher de direita na Bahia. Mas quero agradecer a todas as pessoas que n\u00e3o abriram as portas para mim. Sem saber, elas me fizeram mais forte para conseguir chegar at\u00e9 aqui. E precisamos de mais Michelles, de mais Am\u00e1lias, de mais Robertas. Precisamos sair da zona de conforto e passar \u00e0 frente da pol\u00edtica\u201d, defendeu.<\/p>\n<p>A universit\u00e1ria Rute Soares, de 19 anos, falou da sua alegria de ver tantas mulheres participando do encontro. \u201cIsso mostra que mesmo depois da elei\u00e7\u00e3o de 2022 e de tantas adversidades a direita n\u00e3o perdeu sua for\u00e7a para defender a fam\u00edlia brasileira e os valores crist\u00e3os\u201d, comemorou.<\/p>\n","protected":false},"excerpt":{"rendered":"<p>\u201cSomos mulheres comuns que resolveram sair da in\u00e9rcia pra mudar a realidade do nosso Pa\u00eds. Sabemos que o 8 de Mar\u00e7o \u00e9 s\u00f3 mais um dia no calend\u00e1rio. Nosso dia \u00e9 todos os dias porque todos os dias temos que cumprir miss\u00f5es\u201d. Foi essa mensagem de protagonismo da mulher na pol\u00edtica que a presidente nacional [&hellip;]<\/p>\n","protected":false},"author":3,"featured_media":9670,"comment_status":"closed","ping_status":"closed","sticky":false,"template":"","format":"standard","meta":{"_links_to":"","_links_to_target":""},"categories":[2],"tags":[],"_links":{"self":[{"href":"https:\/\/www.correiodascidades.com.br\/v1\/wp-json\/wp\/v2\/posts\/9669"}],"collection":[{"href":"https:\/\/www.correiodascidades.com.br\/v1\/wp-json\/wp\/v2\/posts"}],"about":[{"href":"https:\/\/www.correiodascidades.com.br\/v1\/wp-json\/wp\/v2\/types\/post"}],"author":[{"embeddable":true,"href":"https:\/\/www.correiodascidades.com.br\/v1\/wp-json\/wp\/v2\/users\/3"}],"replies":[{"embeddable":true,"href":"https:\/\/www.correiodascidades.com.br\/v1\/wp-json\/wp\/v2\/comments?post=9669"}],"version-history":[{"count":1,"href":"https:\/\/www.correiodascidades.com.br\/v1\/wp-json\/wp\/v2\/posts\/9669\/revisions"}],"predecessor-version":[{"id":9671,"href":"https:\/\/www.correiodascidades.com.br\/v1\/wp-json\/wp\/v2\/posts\/9669\/revisions\/9671"}],"wp:featuredmedia":[{"embeddable":true,"href":"https:\/\/www.correiodascidades.com.br\/v1\/wp-json\/wp\/v2\/media\/9670"}],"wp:attachment":[{"href":"https:\/\/www.correiodascidades.com.br\/v1\/wp-json\/wp\/v2\/media?parent=9669"}],"wp:term":[{"taxonomy":"category","embeddable":true,"href":"https:\/\/www.correiodascidades.com.br\/v1\/wp-json\/wp\/v2\/categories?post=9669"},{"taxonomy":"post_tag","embeddable":true,"href":"https:\/\/www.correiodascidades.com.br\/v1\/wp-json\/wp\/v2\/tags?post=9669"}],"curies":[{"name":"wp","href":"https:\/\/api.w.org\/{rel}","templated":true}]}}