{"id":9676,"date":"2024-03-09T10:16:46","date_gmt":"2024-03-09T13:16:46","guid":{"rendered":"https:\/\/www.correiodascidades.com.br\/v1\/?p=9676"},"modified":"2024-03-09T10:17:39","modified_gmt":"2024-03-09T13:17:39","slug":"morre-filha-do-cantor-tatau-momento-de-muita-dor","status":"publish","type":"post","link":"https:\/\/www.correiodascidades.com.br\/v1\/2024\/03\/09\/morre-filha-do-cantor-tatau-momento-de-muita-dor\/","title":{"rendered":"Morre filha do cantor Tatau: \u2018momento de muita dor\u2019."},"content":{"rendered":"<p><img loading=\"lazy\" class=\"\" src=\"https:\/\/www.correiodascidades.com.br\/v1\/wp-content\/uploads\/2024\/03\/tatau-musica-luto-filha_widelg-1.jpg\" width=\"513\" height=\"289\" \/><\/p>\n<p><span class=\"dropcap \">M<\/span>orreu a filha mais velha do cantor Tatau,\u00a0 Thamilis D\u00f3rea. A informa\u00e7\u00e3o foi confirmada pelo artista com um texto publicado nas redes sociais, nesta sexta-feira (8). Segundo a assessoria de Tatau, ex &#8211; vocalista do Aketu, ela tratava um c\u00e2ncer.<\/p>\n<p>O sepultamento aconteceu nesta sexta, \u00e0s 16h30, no cemit\u00e9rio Campo Santo, no bairro da Federa\u00e7\u00e3o, em Salvador.<\/p>\n<p>Tatau afirmou que passou meses se apresentando sem deixar transparecer as \u201cbatalhas internas\u201d, enquanto a filha fazia o tratamento.<\/p>\n<p>\u201cForam meses subindo no palco, no trio, no avi\u00e3o, viajando de \u00f4nibus sem deixar transparecer minhas batalhas internas. A m\u00fasica sempre foi meu alimento, ela me de for\u00e7as, mas nem sempre a gente consegue ser forte o tempo todo e hoje eu senti o golpe. <!--more--><\/p>\n<p>Esse \u00e9 meu momento de dor\u201d, desabafou Gilson Menezes, ao Correio.<\/p>\n<p>Tatau se despede com declara\u00e7\u00e3o<br \/>\nAinda no comunicado, Tatau descreveu com carinho a filha, afirmando que a mais velha foi quem o ensinou a enxergar o amor de outra forma.<\/p>\n<p>\u201cTamilis, sempre foi uma garota, mulher, com um sorriso que abria qualquer fechadura, era cativante! Comigo sempre muito carinhosa, amorosa e uma filha que amava ser m\u00e3e, ela me deu minha primeira neta e me mostrou uma outra forma de enxergar o amor. Descanse em paz, minha filha! Sempre vou te amar\u201d, finalizou o cantor.<\/p>\n","protected":false},"excerpt":{"rendered":"<p>Morreu a filha mais velha do cantor Tatau,\u00a0 Thamilis D\u00f3rea. A informa\u00e7\u00e3o foi confirmada pelo artista com um texto publicado nas redes sociais, nesta sexta-feira (8). Segundo a assessoria de Tatau, ex &#8211; vocalista do Aketu, ela tratava um c\u00e2ncer. O sepultamento aconteceu nesta sexta, \u00e0s 16h30, no cemit\u00e9rio Campo Santo, no bairro da Federa\u00e7\u00e3o, [&hellip;]<\/p>\n","protected":false},"author":3,"featured_media":9677,"comment_status":"closed","ping_status":"closed","sticky":false,"template":"","format":"standard","meta":{"_links_to":"","_links_to_target":""},"categories":[48],"tags":[],"_links":{"self":[{"href":"https:\/\/www.correiodascidades.com.br\/v1\/wp-json\/wp\/v2\/posts\/9676"}],"collection":[{"href":"https:\/\/www.correiodascidades.com.br\/v1\/wp-json\/wp\/v2\/posts"}],"about":[{"href":"https:\/\/www.correiodascidades.com.br\/v1\/wp-json\/wp\/v2\/types\/post"}],"author":[{"embeddable":true,"href":"https:\/\/www.correiodascidades.com.br\/v1\/wp-json\/wp\/v2\/users\/3"}],"replies":[{"embeddable":true,"href":"https:\/\/www.correiodascidades.com.br\/v1\/wp-json\/wp\/v2\/comments?post=9676"}],"version-history":[{"count":2,"href":"https:\/\/www.correiodascidades.com.br\/v1\/wp-json\/wp\/v2\/posts\/9676\/revisions"}],"predecessor-version":[{"id":9679,"href":"https:\/\/www.correiodascidades.com.br\/v1\/wp-json\/wp\/v2\/posts\/9676\/revisions\/9679"}],"wp:featuredmedia":[{"embeddable":true,"href":"https:\/\/www.correiodascidades.com.br\/v1\/wp-json\/wp\/v2\/media\/9677"}],"wp:attachment":[{"href":"https:\/\/www.correiodascidades.com.br\/v1\/wp-json\/wp\/v2\/media?parent=9676"}],"wp:term":[{"taxonomy":"category","embeddable":true,"href":"https:\/\/www.correiodascidades.com.br\/v1\/wp-json\/wp\/v2\/categories?post=9676"},{"taxonomy":"post_tag","embeddable":true,"href":"https:\/\/www.correiodascidades.com.br\/v1\/wp-json\/wp\/v2\/tags?post=9676"}],"curies":[{"name":"wp","href":"https:\/\/api.w.org\/{rel}","templated":true}]}}