{"id":9680,"date":"2024-03-09T14:06:10","date_gmt":"2024-03-09T17:06:10","guid":{"rendered":"https:\/\/www.correiodascidades.com.br\/v1\/?p=9680"},"modified":"2024-03-09T14:06:10","modified_gmt":"2024-03-09T17:06:10","slug":"diretor-executivo-do-condecom-ilheus-dro-rodrigues-participou-do-33a-senacom-em-salvador","status":"publish","type":"post","link":"https:\/\/www.correiodascidades.com.br\/v1\/2024\/03\/09\/diretor-executivo-do-condecom-ilheus-dro-rodrigues-participou-do-33a-senacom-em-salvador\/","title":{"rendered":"Diretor executivo do Condecom Ilh\u00e9us Dr\u00ba Rodrigues participou do 33\u00aa Senacom em Salvador"},"content":{"rendered":"<p><img loading=\"lazy\" class=\"\" src=\"https:\/\/www.correiodascidades.com.br\/v1\/wp-content\/uploads\/2024\/03\/8e6087e3-2879-452f-a78b-60813603fa09-rodrigues.jpeg\" width=\"489\" height=\"499\" \/><\/p>\n<p>O diretor executivo da institui\u00e7\u00e3o (CONDECON) de Ilh\u00e9us, participou na Capital Baiana, de um dos maiores eventos de diretrizes ao atendimento \u00a0e fiscaliza\u00e7\u00e3o ao p\u00fablico de comercio em modo geral.<\/p>\n<p>O Minist\u00e9rio da Justi\u00e7a e Seguran\u00e7a P\u00fablica (MJSP), por meio da Secretaria Nacional do Consumidor (Senacon), realizou o primeiro encontro do ano com os \u00f3rg\u00e3os do Sistema Nacional de Defesa do Consumidor (SNDC).<\/p>\n<p>A reuni\u00e3o aconteceu em Salvador (BA), nos dias 7 e 8 de mar\u00e7o, e promoveu a troca de conhecimentos e experi\u00eancias entre os participantes a respeito de temas cruciais na prote\u00e7\u00e3o ao consumidor. <!--more--><\/p>\n<p>Tamb\u00e9m foram discutidos os avan\u00e7os e desafios enfrentados na integra\u00e7\u00e3o dos \u00f3rg\u00e3os do SNDC. O evento trouxe seis pain\u00e9is, que abordaram os seguintes temas: &#8220;O racismo nas rela\u00e7\u00f5es de consumo, Atua\u00e7\u00e3o do SNDC junto \u00e0s concession\u00e1rias de energia, Prote\u00e7\u00e3o das mulheres nas rela\u00e7\u00f5es de consumo, Superendividamento nas rela\u00e7\u00f5es de consumo e Lan\u00e7amento do Renegocia! 2\u00aa edi\u00e7\u00e3o. Al\u00e9m da Senacon, participaram do evento Procons Estaduais, Procons Municipais, Minist\u00e9rio P\u00fablico, Defensoria P\u00fablica e entidades civis de defesa do consumidor. O evento ser\u00e1 transmitido pelo canal da Escola Nacional de Defesa do Consumidor.<\/p>\n<p>Dr Rodrigues Diretor do Condecom Ilh\u00e9us fez parte como observador \u201cseminarista\u201d dentro de um olhar que somar\u00e1 para o fomento de um trabalho j\u00e1 aplicado na cidade de Ilh\u00e9us.<\/p>\n<p>A entidade tem colocado uma postura fiscalizadora e cobradora de qualidade ao p\u00fablico, e este tipo de evento serve para fixar um controle de postura em seu dia a dia.<\/p>\n<p>&nbsp;<\/p>\n","protected":false},"excerpt":{"rendered":"<p>O diretor executivo da institui\u00e7\u00e3o (CONDECON) de Ilh\u00e9us, participou na Capital Baiana, de um dos maiores eventos de diretrizes ao atendimento \u00a0e fiscaliza\u00e7\u00e3o ao p\u00fablico de comercio em modo geral. O Minist\u00e9rio da Justi\u00e7a e Seguran\u00e7a P\u00fablica (MJSP), por meio da Secretaria Nacional do Consumidor (Senacon), realizou o primeiro encontro do ano com os \u00f3rg\u00e3os [&hellip;]<\/p>\n","protected":false},"author":3,"featured_media":9681,"comment_status":"closed","ping_status":"closed","sticky":false,"template":"","format":"standard","meta":{"_links_to":"","_links_to_target":""},"categories":[1],"tags":[],"_links":{"self":[{"href":"https:\/\/www.correiodascidades.com.br\/v1\/wp-json\/wp\/v2\/posts\/9680"}],"collection":[{"href":"https:\/\/www.correiodascidades.com.br\/v1\/wp-json\/wp\/v2\/posts"}],"about":[{"href":"https:\/\/www.correiodascidades.com.br\/v1\/wp-json\/wp\/v2\/types\/post"}],"author":[{"embeddable":true,"href":"https:\/\/www.correiodascidades.com.br\/v1\/wp-json\/wp\/v2\/users\/3"}],"replies":[{"embeddable":true,"href":"https:\/\/www.correiodascidades.com.br\/v1\/wp-json\/wp\/v2\/comments?post=9680"}],"version-history":[{"count":1,"href":"https:\/\/www.correiodascidades.com.br\/v1\/wp-json\/wp\/v2\/posts\/9680\/revisions"}],"predecessor-version":[{"id":9682,"href":"https:\/\/www.correiodascidades.com.br\/v1\/wp-json\/wp\/v2\/posts\/9680\/revisions\/9682"}],"wp:featuredmedia":[{"embeddable":true,"href":"https:\/\/www.correiodascidades.com.br\/v1\/wp-json\/wp\/v2\/media\/9681"}],"wp:attachment":[{"href":"https:\/\/www.correiodascidades.com.br\/v1\/wp-json\/wp\/v2\/media?parent=9680"}],"wp:term":[{"taxonomy":"category","embeddable":true,"href":"https:\/\/www.correiodascidades.com.br\/v1\/wp-json\/wp\/v2\/categories?post=9680"},{"taxonomy":"post_tag","embeddable":true,"href":"https:\/\/www.correiodascidades.com.br\/v1\/wp-json\/wp\/v2\/tags?post=9680"}],"curies":[{"name":"wp","href":"https:\/\/api.w.org\/{rel}","templated":true}]}}