{"id":9684,"date":"2024-03-09T14:19:16","date_gmt":"2024-03-09T17:19:16","guid":{"rendered":"https:\/\/www.correiodascidades.com.br\/v1\/?p=9684"},"modified":"2024-03-09T14:19:33","modified_gmt":"2024-03-09T17:19:33","slug":"faculdades-de-ilheus-e-madre-thais-promovem-reuniao-de-acolhimento-aos-calouros","status":"publish","type":"post","link":"https:\/\/www.correiodascidades.com.br\/v1\/2024\/03\/09\/faculdades-de-ilheus-e-madre-thais-promovem-reuniao-de-acolhimento-aos-calouros\/","title":{"rendered":"Faculdades de Ilh\u00e9us e Madre Tha\u00eds promovem reuni\u00e3o de acolhimento aos calouros"},"content":{"rendered":"<p><img loading=\"lazy\" class=\"\" src=\"https:\/\/www.correiodascidades.com.br\/v1\/wp-content\/uploads\/2024\/03\/Reuniao-de-acolhimento-de-novos-estudantes-das-Faculdade-de-Ilheus-e-da-Faculdade-Madre-Thais-_3_.jpeg\" width=\"424\" height=\"317\" \/>\u00a0 \u00a0Foto: Palestrante professor Almir<\/p>\n<p><span style=\"font-weight: 400;\">As faculdades de Ilh\u00e9us e Madre Tha\u00eds promoveram uma reuni\u00e3o de acolhimento para os estudantes que ingressaram nos cursos de gradua\u00e7\u00e3o neste primeiro semestre de 2024. O evento foi realizado <\/span><span style=\"font-weight: 400;\">no <\/span><span style=\"font-weight: 400;\">audit\u00f3rio Professora Ad\u00e9lia Maria Carvalho de Melo<\/span><span style=\"font-weight: 400;\">, <\/span><span style=\"font-weight: 400;\">na noite do<\/span> <span style=\"font-weight: 400;\">dia 4 de mar\u00e7o, com a presen\u00e7a do diretor-geral das institui\u00e7\u00f5es, professor Almir Milanesi.<\/span><\/p>\n<p><span style=\"font-weight: 400;\">Promovido pela diretoria acad\u00eamica, atrav\u00e9s do setor de psicopedagogia, o acolhimento aos calouros contou com a exibi\u00e7\u00e3o de um v\u00eddeo institucional. Al\u00e9m das boas-vindas do diretor Almir Milanesi, os novos estudantes tiveram a oportunidade de conhecer detalhes sobre o funcionamento das cl\u00ednicas-escola de Odontologia e de Psicologia, cujos servi\u00e7os s\u00e3o colocados \u00e0 disposi\u00e7\u00e3o da comunidade acad\u00eamica e de segmentos da popula\u00e7\u00e3o local e regional.<\/span><!--more--><\/p>\n<p><span style=\"font-weight: 400;\">Tamb\u00e9m foram mostradas as estruturas dos setores acad\u00eamico e tecnol\u00f3gico, dos diversos laborat\u00f3rios e sobre o atendimento em psicopedagogia, assim como o modo de funcionamento do N\u00facleo de Pr\u00e1tica Jur\u00eddica (Nupraj), vinculado ao curso de Direito.<\/span><\/p>\n<p><span style=\"font-weight: 400;\">Na oportunidade, o professor Pablo Assis abordou a import\u00e2ncia da integra\u00e7\u00e3o do aluno \u00e0 vida acad\u00eamica como um elemento fundamental para o sucesso profissional. \u201cFoi um momento para esclarecer d\u00favidas aos novos estudantes, oportunidade para que eles pudessem conhecer melhor a institui\u00e7\u00e3o, e ainda receberam uma calorosa recep\u00e7\u00e3o por parte de toda a nossa equipe\u201d, avaliou a diretora acad\u00eamica, Sandra Milanesi.<\/span><\/p>\n<p>&nbsp;<\/p>\n","protected":false},"excerpt":{"rendered":"<p>\u00a0 \u00a0Foto: Palestrante professor Almir As faculdades de Ilh\u00e9us e Madre Tha\u00eds promoveram uma reuni\u00e3o de acolhimento para os estudantes que ingressaram nos cursos de gradua\u00e7\u00e3o neste primeiro semestre de 2024. O evento foi realizado no audit\u00f3rio Professora Ad\u00e9lia Maria Carvalho de Melo, na noite do dia 4 de mar\u00e7o, com a presen\u00e7a do diretor-geral [&hellip;]<\/p>\n","protected":false},"author":3,"featured_media":9685,"comment_status":"closed","ping_status":"closed","sticky":false,"template":"","format":"standard","meta":{"_links_to":"","_links_to_target":""},"categories":[44],"tags":[],"_links":{"self":[{"href":"https:\/\/www.correiodascidades.com.br\/v1\/wp-json\/wp\/v2\/posts\/9684"}],"collection":[{"href":"https:\/\/www.correiodascidades.com.br\/v1\/wp-json\/wp\/v2\/posts"}],"about":[{"href":"https:\/\/www.correiodascidades.com.br\/v1\/wp-json\/wp\/v2\/types\/post"}],"author":[{"embeddable":true,"href":"https:\/\/www.correiodascidades.com.br\/v1\/wp-json\/wp\/v2\/users\/3"}],"replies":[{"embeddable":true,"href":"https:\/\/www.correiodascidades.com.br\/v1\/wp-json\/wp\/v2\/comments?post=9684"}],"version-history":[{"count":2,"href":"https:\/\/www.correiodascidades.com.br\/v1\/wp-json\/wp\/v2\/posts\/9684\/revisions"}],"predecessor-version":[{"id":9687,"href":"https:\/\/www.correiodascidades.com.br\/v1\/wp-json\/wp\/v2\/posts\/9684\/revisions\/9687"}],"wp:featuredmedia":[{"embeddable":true,"href":"https:\/\/www.correiodascidades.com.br\/v1\/wp-json\/wp\/v2\/media\/9685"}],"wp:attachment":[{"href":"https:\/\/www.correiodascidades.com.br\/v1\/wp-json\/wp\/v2\/media?parent=9684"}],"wp:term":[{"taxonomy":"category","embeddable":true,"href":"https:\/\/www.correiodascidades.com.br\/v1\/wp-json\/wp\/v2\/categories?post=9684"},{"taxonomy":"post_tag","embeddable":true,"href":"https:\/\/www.correiodascidades.com.br\/v1\/wp-json\/wp\/v2\/tags?post=9684"}],"curies":[{"name":"wp","href":"https:\/\/api.w.org\/{rel}","templated":true}]}}