{"id":9735,"date":"2024-03-12T09:18:32","date_gmt":"2024-03-12T12:18:32","guid":{"rendered":"https:\/\/www.correiodascidades.com.br\/v1\/?p=9735"},"modified":"2024-03-12T09:18:32","modified_gmt":"2024-03-12T12:18:32","slug":"recem-formada-na-faculdade-de-ilheus-conquista-vaga-na-residencia-multiprofissional-da-uesc","status":"publish","type":"post","link":"https:\/\/www.correiodascidades.com.br\/v1\/2024\/03\/12\/recem-formada-na-faculdade-de-ilheus-conquista-vaga-na-residencia-multiprofissional-da-uesc\/","title":{"rendered":"Rec\u00e9m-formada na Faculdade de Ilh\u00e9us conquista vaga na Resid\u00eancia Multiprofissional da UESC"},"content":{"rendered":"<div>\n<p><img src=\"https:\/\/www.correiodascidades.com.br\/v1\/wp-content\/uploads\/2024\/03\/Thainara-Regis-Ramos-_1_.jpeg\" \/><\/p>\n<p>A bacharela em Odontologia, Thainara R\u00e9gis Ramos, rec\u00e9m-formada pela Faculdade de Ilh\u00e9us, vibrou com a conquista da aprova\u00e7\u00e3o no Programa de Resid\u00eancia Multiprofissional em Sa\u00fade da Fam\u00edlia (PRMSF) da Universidade Estadual de Santa Cruz (Uesc). O programa de p\u00f3s-gradua\u00e7\u00e3o, em n\u00edvel de <i>lato sensu<\/i>, tem apresentado alto \u00edndice de concorr\u00eancia.<\/p>\n<\/div>\n<div>\n<p>Thainara logrou \u00eaxito ao concorrer com v\u00e1rios candidatos para duas vagas disponibilizadas na \u00e1rea de Odontologia. O ingresso na Resid\u00eancia Multiprofissional em Sa\u00fade da Fam\u00edlia ocorre por meio de processo seletivo unificado, realizado pela Secretaria de Sa\u00fade do Estado da Bahia (Sesab) para sete categorias profissionais (Enfermagem, Odontologia, Nutri\u00e7\u00e3o, Fisioterapia, Psicologia e Servi\u00e7o Social) e os classificados devem ter conclu\u00eddo a gradua\u00e7\u00e3o para cursar o Programa.<\/p>\n<\/div>\n<p><!--more--><\/p>\n<div>\n<p>Por conta disso, a Faculdade de Ilh\u00e9us acatou a solicita\u00e7\u00e3o da aluna para cola\u00e7\u00e3o de grau antecipada, o que ocorreu no \u00faltimo dia 23 de fevereiro, para atender aos crit\u00e9rios de matr\u00edcula na especializa\u00e7\u00e3o. O programa \u201cest\u00e1 pautado em pol\u00edticas p\u00fablicas de sa\u00fade que priorizam a integralidade do cuidado, al\u00e9m da forma\u00e7\u00e3o em servi\u00e7o de profissionais para atuarem nas equipes de apoio b\u00e1sico e especializado \u00e0 estrat\u00e9gia de Sa\u00fade da Fam\u00edlia no \u00e2mbito municipal (Ilh\u00e9us\/Itabuna-BA)\u201d.<\/p>\n<\/div>\n<div>\n<p>Para a coordenadora do curso de Odontologia, professora Vanessa Barreiros, a aprova\u00e7\u00e3o da egressa \u201cvem reafirmar que estamos no caminho certo na forma\u00e7\u00e3o de um aluno com perfil \u00e9tico, generalista e humanizado, preparado para atender ao Sistema \u00danico de Sa\u00fade, prestando uma aten\u00e7\u00e3o de sa\u00fade bucal de excel\u00eancia e necess\u00e1ria para diminuir as desigualdades sociais de acesso da popula\u00e7\u00e3o \u00e0 Odontologia\u201d.<\/p>\n<\/div>\n<div>\n<p>A cirurgi\u00e3-dentista Thainara R\u00e9gis Ramos declarou que \u201ca gradua\u00e7\u00e3o na Faculdade de Ilh\u00e9us foi essencial para minha aprova\u00e7\u00e3o na resid\u00eancia. Ao longo do curso, eu fui imersa em um ambiente acad\u00eamico e enriquecedor. Sempre costumo dizer que ningu\u00e9m chega sozinho a lugar nenhum, e eu tive os melhores professores! N\u00e3o s\u00f3 me ensinaram, mas tamb\u00e9m me inspiraram a alcan\u00e7ar meu potencial m\u00e1ximo, e pude construir la\u00e7os maravilhosos de carinho e amizade, o que tornou tudo mais f\u00e1cil\u201d.<\/p>\n<\/div>\n<div>\n<p>E acrescentou: &#8220;essas rela\u00e7\u00f5es foram fundamentais para meu percurso na Faculdade e contribu\u00edram significativamente para minha jornada at\u00e9 a aprova\u00e7\u00e3o. A todos voc\u00eas, meus queridos e eternos professores, a todos os funcion\u00e1rios e \u00e0 Faculdade de Ilh\u00e9us, o meu mais sincero muit\u00edssimo obrigada\u201d.<\/p>\n<\/div>\n<div>\n<p>A Faculdade de Ilh\u00e9us formou a primeira turma de cirurgi\u00f5es-dentistas em 2018. E nesse mesmo ano, quatro egressos foram aprovados para cursar a Resid\u00eancia Multiprofissional em Sa\u00fade da Fam\u00edlia que a Universidade Estadual de Santa Cruz &#8211; Uesc oferecia pela primeira vez; dois deles conclu\u00edram a especializa\u00e7\u00e3o: Iuri Sant\u2019anna e Francielle Silva Possid\u00f4nio.<\/p>\n<\/div>\n","protected":false},"excerpt":{"rendered":"<p>A bacharela em Odontologia, Thainara R\u00e9gis Ramos, rec\u00e9m-formada pela Faculdade de Ilh\u00e9us, vibrou com a conquista da aprova\u00e7\u00e3o no Programa de Resid\u00eancia Multiprofissional em Sa\u00fade da Fam\u00edlia (PRMSF) da Universidade Estadual de Santa Cruz (Uesc). O programa de p\u00f3s-gradua\u00e7\u00e3o, em n\u00edvel de lato sensu, tem apresentado alto \u00edndice de concorr\u00eancia. Thainara logrou \u00eaxito ao concorrer [&hellip;]<\/p>\n","protected":false},"author":3,"featured_media":9736,"comment_status":"closed","ping_status":"closed","sticky":false,"template":"","format":"standard","meta":{"_links_to":"","_links_to_target":""},"categories":[44],"tags":[],"_links":{"self":[{"href":"https:\/\/www.correiodascidades.com.br\/v1\/wp-json\/wp\/v2\/posts\/9735"}],"collection":[{"href":"https:\/\/www.correiodascidades.com.br\/v1\/wp-json\/wp\/v2\/posts"}],"about":[{"href":"https:\/\/www.correiodascidades.com.br\/v1\/wp-json\/wp\/v2\/types\/post"}],"author":[{"embeddable":true,"href":"https:\/\/www.correiodascidades.com.br\/v1\/wp-json\/wp\/v2\/users\/3"}],"replies":[{"embeddable":true,"href":"https:\/\/www.correiodascidades.com.br\/v1\/wp-json\/wp\/v2\/comments?post=9735"}],"version-history":[{"count":1,"href":"https:\/\/www.correiodascidades.com.br\/v1\/wp-json\/wp\/v2\/posts\/9735\/revisions"}],"predecessor-version":[{"id":9737,"href":"https:\/\/www.correiodascidades.com.br\/v1\/wp-json\/wp\/v2\/posts\/9735\/revisions\/9737"}],"wp:featuredmedia":[{"embeddable":true,"href":"https:\/\/www.correiodascidades.com.br\/v1\/wp-json\/wp\/v2\/media\/9736"}],"wp:attachment":[{"href":"https:\/\/www.correiodascidades.com.br\/v1\/wp-json\/wp\/v2\/media?parent=9735"}],"wp:term":[{"taxonomy":"category","embeddable":true,"href":"https:\/\/www.correiodascidades.com.br\/v1\/wp-json\/wp\/v2\/categories?post=9735"},{"taxonomy":"post_tag","embeddable":true,"href":"https:\/\/www.correiodascidades.com.br\/v1\/wp-json\/wp\/v2\/tags?post=9735"}],"curies":[{"name":"wp","href":"https:\/\/api.w.org\/{rel}","templated":true}]}}