{"id":9738,"date":"2024-03-12T09:20:25","date_gmt":"2024-03-12T12:20:25","guid":{"rendered":"https:\/\/www.correiodascidades.com.br\/v1\/?p=9738"},"modified":"2024-03-12T09:37:49","modified_gmt":"2024-03-12T12:37:49","slug":"acidente-automobilistico-resulta-em-vitima-fatal-na-ba-001-em-una","status":"publish","type":"post","link":"https:\/\/www.correiodascidades.com.br\/v1\/2024\/03\/12\/acidente-automobilistico-resulta-em-vitima-fatal-na-ba-001-em-una\/","title":{"rendered":"Acidente automobil\u00edstico resulta em v\u00edtima fatal na BA-001 em Una"},"content":{"rendered":"<p><img loading=\"lazy\" class=\"\" src=\"https:\/\/www.correiodascidades.com.br\/v1\/wp-content\/uploads\/2024\/03\/WhatsApp-Image-2024-03-12-at-08.53.30-samu.jpeg\" width=\"482\" height=\"293\" \/><\/p>\n<p>Dois autom\u00f3veis se envolveram em uma colis\u00e3o na estrada que liga a cidade de Una a Ilh\u00e9us &#8211; Ba 001- na manh\u00e3 desta segunda feira.<\/p>\n<p>Os carros colidiram de forma forte resultando em uma vitima fatal, sendo ela uma mulher de identidade Grazielle Marques Santos Andrade, ela tinha 24 anos, e viajava acompanhada com um homem de pr\u00e9 nome: Fl\u00e1vio D\u2019E\u00e7a, esse a\u00ed pol\u00edcia militar \u201cpra\u00e7a.\u201d<\/p>\n<p>O acidente aconteceu nas imedia\u00e7\u00f5es da Ponte do Maruim. A ocorr\u00eancia foi t\u00e3o forte que o Corpo de Bombeiros teve que ser acionado juntamente com o Samu. Os envolvidos que ficaram gravemente feridos foram encaminhados ao hospital de Una, enquanto a mulher foi encaminhada para o DPT.<\/p>\n<p>A\u00a0 rodovia ficou interditada por uma hora.<\/p>\n","protected":false},"excerpt":{"rendered":"<p>Dois autom\u00f3veis se envolveram em uma colis\u00e3o na estrada que liga a cidade de Una a Ilh\u00e9us &#8211; Ba 001- na manh\u00e3 desta segunda feira. Os carros colidiram de forma forte resultando em uma vitima fatal, sendo ela uma mulher de identidade Grazielle Marques Santos Andrade, ela tinha 24 anos, e viajava acompanhada com um [&hellip;]<\/p>\n","protected":false},"author":3,"featured_media":9739,"comment_status":"closed","ping_status":"closed","sticky":false,"template":"","format":"standard","meta":{"_links_to":"","_links_to_target":""},"categories":[44],"tags":[],"_links":{"self":[{"href":"https:\/\/www.correiodascidades.com.br\/v1\/wp-json\/wp\/v2\/posts\/9738"}],"collection":[{"href":"https:\/\/www.correiodascidades.com.br\/v1\/wp-json\/wp\/v2\/posts"}],"about":[{"href":"https:\/\/www.correiodascidades.com.br\/v1\/wp-json\/wp\/v2\/types\/post"}],"author":[{"embeddable":true,"href":"https:\/\/www.correiodascidades.com.br\/v1\/wp-json\/wp\/v2\/users\/3"}],"replies":[{"embeddable":true,"href":"https:\/\/www.correiodascidades.com.br\/v1\/wp-json\/wp\/v2\/comments?post=9738"}],"version-history":[{"count":3,"href":"https:\/\/www.correiodascidades.com.br\/v1\/wp-json\/wp\/v2\/posts\/9738\/revisions"}],"predecessor-version":[{"id":9742,"href":"https:\/\/www.correiodascidades.com.br\/v1\/wp-json\/wp\/v2\/posts\/9738\/revisions\/9742"}],"wp:featuredmedia":[{"embeddable":true,"href":"https:\/\/www.correiodascidades.com.br\/v1\/wp-json\/wp\/v2\/media\/9739"}],"wp:attachment":[{"href":"https:\/\/www.correiodascidades.com.br\/v1\/wp-json\/wp\/v2\/media?parent=9738"}],"wp:term":[{"taxonomy":"category","embeddable":true,"href":"https:\/\/www.correiodascidades.com.br\/v1\/wp-json\/wp\/v2\/categories?post=9738"},{"taxonomy":"post_tag","embeddable":true,"href":"https:\/\/www.correiodascidades.com.br\/v1\/wp-json\/wp\/v2\/tags?post=9738"}],"curies":[{"name":"wp","href":"https:\/\/api.w.org\/{rel}","templated":true}]}}