{"id":9831,"date":"2024-03-18T13:14:57","date_gmt":"2024-03-18T16:14:57","guid":{"rendered":"https:\/\/www.correiodascidades.com.br\/v1\/?p=9831"},"modified":"2024-03-18T13:14:57","modified_gmt":"2024-03-18T16:14:57","slug":"ilheus-samu-vai-parar-o-atendimento","status":"publish","type":"post","link":"https:\/\/www.correiodascidades.com.br\/v1\/2024\/03\/18\/ilheus-samu-vai-parar-o-atendimento\/","title":{"rendered":"ILH\u00c9US: Samu vai parar o atendimento"},"content":{"rendered":"<p><img src=\"https:\/\/www.correiodascidades.com.br\/v1\/wp-content\/uploads\/2024\/03\/16fa8673-5fec-4d9f-9c8d-725ef353a591-SAmu-300x300.jpg\" \/><\/p>\n<p>De acordo com informa\u00e7\u00f5es chegadas at\u00e9 a reda\u00e7\u00e3o do correio, o Servi\u00e7o de atendimento M\u00e9dico da cidade vai parar.<\/p>\n<p>Os funcion\u00e1rios alegam que n\u00e3o existem as m\u00ednimas condi\u00e7\u00f5es de trabalhos.<\/p>\n<p>O local \u00e9 insalubre, paredes com mofo, no local n\u00e3o tem higiene adequada, viaturas quebradas entre outras coisas que dificultam o bom servi\u00e7o a popula\u00e7\u00e3o.<\/p>\n<p>Desse modo eles n\u00e3o v\u00eam outra forma se n\u00e3o parar o atendimento.<\/p>\n<p>&nbsp;<\/p>\n<p>&nbsp;<\/p>\n","protected":false},"excerpt":{"rendered":"<p>De acordo com informa\u00e7\u00f5es chegadas at\u00e9 a reda\u00e7\u00e3o do correio, o Servi\u00e7o de atendimento M\u00e9dico da cidade vai parar. Os funcion\u00e1rios alegam que n\u00e3o existem as m\u00ednimas condi\u00e7\u00f5es de trabalhos. O local \u00e9 insalubre, paredes com mofo, no local n\u00e3o tem higiene adequada, viaturas quebradas entre outras coisas que dificultam o bom servi\u00e7o a popula\u00e7\u00e3o. [&hellip;]<\/p>\n","protected":false},"author":3,"featured_media":9832,"comment_status":"closed","ping_status":"closed","sticky":false,"template":"","format":"standard","meta":{"_links_to":"","_links_to_target":""},"categories":[11],"tags":[],"_links":{"self":[{"href":"https:\/\/www.correiodascidades.com.br\/v1\/wp-json\/wp\/v2\/posts\/9831"}],"collection":[{"href":"https:\/\/www.correiodascidades.com.br\/v1\/wp-json\/wp\/v2\/posts"}],"about":[{"href":"https:\/\/www.correiodascidades.com.br\/v1\/wp-json\/wp\/v2\/types\/post"}],"author":[{"embeddable":true,"href":"https:\/\/www.correiodascidades.com.br\/v1\/wp-json\/wp\/v2\/users\/3"}],"replies":[{"embeddable":true,"href":"https:\/\/www.correiodascidades.com.br\/v1\/wp-json\/wp\/v2\/comments?post=9831"}],"version-history":[{"count":1,"href":"https:\/\/www.correiodascidades.com.br\/v1\/wp-json\/wp\/v2\/posts\/9831\/revisions"}],"predecessor-version":[{"id":9833,"href":"https:\/\/www.correiodascidades.com.br\/v1\/wp-json\/wp\/v2\/posts\/9831\/revisions\/9833"}],"wp:featuredmedia":[{"embeddable":true,"href":"https:\/\/www.correiodascidades.com.br\/v1\/wp-json\/wp\/v2\/media\/9832"}],"wp:attachment":[{"href":"https:\/\/www.correiodascidades.com.br\/v1\/wp-json\/wp\/v2\/media?parent=9831"}],"wp:term":[{"taxonomy":"category","embeddable":true,"href":"https:\/\/www.correiodascidades.com.br\/v1\/wp-json\/wp\/v2\/categories?post=9831"},{"taxonomy":"post_tag","embeddable":true,"href":"https:\/\/www.correiodascidades.com.br\/v1\/wp-json\/wp\/v2\/tags?post=9831"}],"curies":[{"name":"wp","href":"https:\/\/api.w.org\/{rel}","templated":true}]}}