{"id":9838,"date":"2024-03-18T19:28:09","date_gmt":"2024-03-18T22:28:09","guid":{"rendered":"https:\/\/www.correiodascidades.com.br\/v1\/?p=9838"},"modified":"2024-03-18T19:28:09","modified_gmt":"2024-03-18T22:28:09","slug":"apos-vitoria-recorde-putin-promete-que-russia-nao-sera-intimidada","status":"publish","type":"post","link":"https:\/\/www.correiodascidades.com.br\/v1\/2024\/03\/18\/apos-vitoria-recorde-putin-promete-que-russia-nao-sera-intimidada\/","title":{"rendered":"Ap\u00f3s vit\u00f3ria recorde, Putin promete que R\u00fassia n\u00e3o ser\u00e1 intimidada"},"content":{"rendered":"<p><strong><img loading=\"lazy\" class=\"\" src=\"https:\/\/www.correiodascidades.com.br\/v1\/wp-content\/uploads\/2024\/03\/Apos-vitoria-recorde-Putin-promete-que-Russia-nao-0126278300202403181105-ScaleDownProportional-_1_.jpeg\" width=\"536\" height=\"357\" \/><\/strong><\/p>\n<p>A Comiss\u00e3o Eleitoral russa elogiou, nesta segunda-feira, 18, a vit\u00f3ria &#8220;recorde&#8221; de Vladimir Putin nas elei\u00e7\u00f5es presidenciais, resultado alcan\u00e7ado devido \u00e0 repress\u00e3o da oposi\u00e7\u00e3o e apresentado como prova de unidade nacional ap\u00f3s a ofensiva na Ucr\u00e2nia.<\/p>\n<p>&#8220;\u00c9 um indicador recorde (&#8230;) Quase 76 milh\u00f5es&#8221; de votos, disse a presidente da Comiss\u00e3o Eleitoral, Ella Pamfilova.<\/p>\n<p>Putin, de 71 anos, foi reeleito para o seu quinto mandato com 87,28% dos votos, informou a comiss\u00e3o ap\u00f3s a contagem de todos os col\u00e9gios eleitorais do pa\u00eds.<\/p>\n<p>O presidente russo comemorou a vit\u00f3ria na noite de domingo, ao final de tr\u00eas dias de elei\u00e7\u00f5es sem um verdadeiro candidato da oposi\u00e7\u00e3o.<\/p>\n<p>Os outros tr\u00eas candidatos obtiveram 4,31%, 3,85% e 3,20% respectivamente, segundo este resultado, que n\u00e3o inclui os votos no exterior.<\/p>\n<p>Leia mais <!--more--><\/p>\n<p><a href=\"https:\/\/atarde.com.br\/mundo\/putin-vence-eleicoes-na-russia-e-segue-no-poder-ate-2030-1262736\" target=\"_blank\" rel=\"noopener\">&gt;&gt;\u00a0Putin vence elei\u00e7\u00f5es na R\u00fassia e segue no poder at\u00e9 2030<\/a><\/p>\n<p>\u00c9 um resultado &#8220;excepcional&#8221; e uma &#8220;confirma\u00e7\u00e3o eloquente do apoio do povo russo&#8221; ao presidente, reiterou o porta-voz do Kremlin, Dmitri Peskov.<\/p>\n<p>Putin, no poder h\u00e1 quase 25 anos, conseguiu 10 pontos a mais do que em 2018.<\/p>\n<p>Para Putin, este resultado mostra uma R\u00fassia que n\u00e3o se deixar\u00e1 &#8220;intimidar&#8221; pelos seus advers\u00e1rios.<\/p>\n<p>Um concerto est\u00e1 programado para a noite na Pra\u00e7a Vermelha de Moscou para celebrar o resultado, coincidindo com o 10\u00ba anivers\u00e1rio da anexa\u00e7\u00e3o da pen\u00ednsula ucraniana da Crimeia em 2014, o in\u00edcio da opera\u00e7\u00e3o militar de Moscou contra Kiev que culminou com o in\u00edcio da ofensiva em 24 de fevereiro de 2022.<\/p>\n<p>No seu discurso, Putin celebrou a &#8220;consolida\u00e7\u00e3o pol\u00edtica interna&#8221;, dois anos ap\u00f3s o in\u00edcio da ofensiva contra a Ucr\u00e2nia e das san\u00e7\u00f5es ocidentais contra o pa\u00eds.<\/p>\n<p>&#8220;N\u00e3o importa quem ou o quanto querem nos intimidar, n\u00e3o importa quem ou o quanto querem nos esmagar&#8221;, disse o presidente. &#8220;N\u00e3o funcionou agora e n\u00e3o funcionar\u00e1 no futuro. Nunca&#8221;, acrescentou.<\/p>\n<p>Ao longo da semana foram registrados bombardeios e ataques de milicianos ucranianos em solo russo para tentar perturbar as elei\u00e7\u00f5es.<\/p>\n<p>&#8220;Escrevi Navalny&#8221;<\/p>\n<p>Putin, que ainda poder\u00e1 concorrer em 2030 e permanecer no poder at\u00e9 2036, prestou homenagem aos soldados que lutam na Ucr\u00e2nia e protegem &#8220;os territ\u00f3rios hist\u00f3ricos da R\u00fassia&#8221;.<\/p>\n<p>Na sua opini\u00e3o, as for\u00e7as russas, desde que assumiram o controle de Avdiivka em meados de fevereiro, t\u00eam &#8220;toda a iniciativa&#8221; no front.<\/p>\n<p>As elei\u00e7\u00f5es contaram com outros tr\u00eas candidatos, que apoiam a ofensiva na Ucr\u00e2nia e a repress\u00e3o contra a oposi\u00e7\u00e3o, que culminou com a morte do principal representante da dissid\u00eancia, Alexei Navalny, em uma pris\u00e3o no \u00c1rtico, em fevereiro.<\/p>\n<p>A oposi\u00e7\u00e3o, que foi proibida de apresentar candidatos, conseguiu, no entanto, mostrar-se de maneira simb\u00f3lica, respondendo ao apelo da vi\u00fava de Navalny, Yulia Navalnaya, que prometeu seguir com a causa do marido e pediu aos seus apoiadores que votassem ao meio-dia de domingo.<\/p>\n<p>Navalnaya votou na embaixada russa em Berlim, onde vive exilada com os filhos.<\/p>\n<p>&#8220;Escrevi &#8216;Navalny&#8217; porque n\u00e3o pode ser que, um m\u00eas antes das elei\u00e7\u00f5es, o principal advers\u00e1rio de Putin, que j\u00e1 estava na pris\u00e3o, tenha sido assassinado&#8221;, disse Navalnaya \u00e0 imprensa.<\/p>\n<p>Para o Kremlin, a vi\u00fava do opositor &#8220;perdeu as ra\u00edzes russas&#8221;.<\/p>\n<p>Em outras embaixadas russas, longas filas tamb\u00e9m se formaram ao meio-dia. Dezenas de milhares de russos exilaram-se no exterior desde o in\u00edcio da ofensiva contra a Ucr\u00e2nia por medo da repress\u00e3o ou de serem recrutados para o Ex\u00e9rcito.<\/p>\n<p>Em alguns centros de vota\u00e7\u00e3o em Moscou e S\u00e3o Petersburgo, as pessoas tamb\u00e9m se reuniram no mesmo hor\u00e1rio.<\/p>\n<p>No cemit\u00e9rio onde Navalny foi sepultado, na capital russa, dezenas de pessoas colocaram flores e c\u00e9dulas com o nome do opositor.<\/p>\n<p>Putin mencionou seu nome em p\u00fablico no domingo pela primeira vez em anos: &#8220;Quanto ao senhor Navalny. Sim, ele morreu. \u00c9 um acontecimento triste&#8221;.<\/p>\n<p>&#8220;Sem op\u00e7\u00f5es&#8221;<\/p>\n<p>Muitos pa\u00edses ocidentais criticaram as elei\u00e7\u00f5es.<\/p>\n<p>A reelei\u00e7\u00e3o de Putin baseia-se na &#8220;repress\u00e3o e intimida\u00e7\u00e3o&#8221;, afirmou o chefe da diplomacia europeia, Josep Borrell.<\/p>\n<p>Foi uma elei\u00e7\u00e3o &#8220;sem op\u00e7\u00f5es&#8221;, acrescentou a ministra das Rela\u00e7\u00f5es Exteriores alem\u00e3, Annalena Baerbock. Para a Fran\u00e7a, tamb\u00e9m n\u00e3o havia &#8220;condi\u00e7\u00f5es para elei\u00e7\u00f5es livres, plurais e democr\u00e1ticas&#8221;.<\/p>\n<p>Os aliados tradicionais da R\u00fassia saudaram o resultado.<\/p>\n<p>O presidente chin\u00eas, Xi Jinping, enfatizou o &#8220;total apoio&#8221; dos russos ao seu presidente. Os governos de Venezuela, Cuba e Nicar\u00e1gua enviaram mensagens de felicita\u00e7\u00f5es.<\/p>\n<p>O presidente venezuelano, Nicol\u00e1s Maduro, expressou a sua &#8220;vontade inabal\u00e1vel de continuar trabalhando estreitamente&#8221; para &#8220;avan\u00e7ar na coopera\u00e7\u00e3o mutuamente ben\u00e9fica&#8221;.<\/p>\n<p>O l\u00edder cubano, Miguel D\u00edaz-Canel, destacou que o resultado eleitoral \u00e9 &#8220;um exemplo confi\u00e1vel do reconhecimento do povo russo \u00e0 sua gest\u00e3o&#8221;.<\/p>\n<p>O presidente da Nicar\u00e1gua, Daniel Ortega, descreveu a vit\u00f3ria &#8220;como uma contribui\u00e7\u00e3o para a estabilidade indispens\u00e1vel da comunidade humana&#8221;.<\/p>\n","protected":false},"excerpt":{"rendered":"<p>A Comiss\u00e3o Eleitoral russa elogiou, nesta segunda-feira, 18, a vit\u00f3ria &#8220;recorde&#8221; de Vladimir Putin nas elei\u00e7\u00f5es presidenciais, resultado alcan\u00e7ado devido \u00e0 repress\u00e3o da oposi\u00e7\u00e3o e apresentado como prova de unidade nacional ap\u00f3s a ofensiva na Ucr\u00e2nia. &#8220;\u00c9 um indicador recorde (&#8230;) Quase 76 milh\u00f5es&#8221; de votos, disse a presidente da Comiss\u00e3o Eleitoral, Ella Pamfilova. Putin, [&hellip;]<\/p>\n","protected":false},"author":3,"featured_media":9839,"comment_status":"closed","ping_status":"closed","sticky":false,"template":"","format":"standard","meta":{"_links_to":"","_links_to_target":""},"categories":[1],"tags":[],"_links":{"self":[{"href":"https:\/\/www.correiodascidades.com.br\/v1\/wp-json\/wp\/v2\/posts\/9838"}],"collection":[{"href":"https:\/\/www.correiodascidades.com.br\/v1\/wp-json\/wp\/v2\/posts"}],"about":[{"href":"https:\/\/www.correiodascidades.com.br\/v1\/wp-json\/wp\/v2\/types\/post"}],"author":[{"embeddable":true,"href":"https:\/\/www.correiodascidades.com.br\/v1\/wp-json\/wp\/v2\/users\/3"}],"replies":[{"embeddable":true,"href":"https:\/\/www.correiodascidades.com.br\/v1\/wp-json\/wp\/v2\/comments?post=9838"}],"version-history":[{"count":1,"href":"https:\/\/www.correiodascidades.com.br\/v1\/wp-json\/wp\/v2\/posts\/9838\/revisions"}],"predecessor-version":[{"id":9840,"href":"https:\/\/www.correiodascidades.com.br\/v1\/wp-json\/wp\/v2\/posts\/9838\/revisions\/9840"}],"wp:featuredmedia":[{"embeddable":true,"href":"https:\/\/www.correiodascidades.com.br\/v1\/wp-json\/wp\/v2\/media\/9839"}],"wp:attachment":[{"href":"https:\/\/www.correiodascidades.com.br\/v1\/wp-json\/wp\/v2\/media?parent=9838"}],"wp:term":[{"taxonomy":"category","embeddable":true,"href":"https:\/\/www.correiodascidades.com.br\/v1\/wp-json\/wp\/v2\/categories?post=9838"},{"taxonomy":"post_tag","embeddable":true,"href":"https:\/\/www.correiodascidades.com.br\/v1\/wp-json\/wp\/v2\/tags?post=9838"}],"curies":[{"name":"wp","href":"https:\/\/api.w.org\/{rel}","templated":true}]}}