{"id":9843,"date":"2024-03-18T19:33:04","date_gmt":"2024-03-18T22:33:04","guid":{"rendered":"https:\/\/www.correiodascidades.com.br\/v1\/?p=9843"},"modified":"2024-03-18T19:33:04","modified_gmt":"2024-03-18T22:33:04","slug":"acao-conjunta-da-pc-e-pf-prende-suspeito-de-roubo","status":"publish","type":"post","link":"https:\/\/www.correiodascidades.com.br\/v1\/2024\/03\/18\/acao-conjunta-da-pc-e-pf-prende-suspeito-de-roubo\/","title":{"rendered":"A\u00e7\u00e3o conjunta da PC e PF prende suspeito de roubo"},"content":{"rendered":"<p><img src=\"https:\/\/www.correiodascidades.com.br\/v1\/wp-content\/uploads\/2024\/03\/normal_1710607371Foto5.jpeg\" \/><\/p>\n<h1 id=\"story_title\"><span style=\"font-size: 16px;\">Uma a\u00e7\u00e3o conjunta do Departamento Especializado de Investiga\u00e7\u00f5es Criminais (Deic), do Departamento de Pol\u00edcia do Interior (Depin), da Diretoria de Pol\u00edcia do Interior (Dirpin\/Norte-Leste) e da Pol\u00edcia Federal resultou, na sexta-feira (15), em S\u00e3o Francisco do Conde, na pris\u00e3o de um homem com um mandado em aberto pelo crime de roubo.<\/span><\/h1>\n<div id=\"story_text\">\n<div><\/div>\n<div>A captura foi fruto de um trabalho interag\u00eancias entre a Pol\u00edcia Civil da Bahia e a Pol\u00edcia Federal de Rio Grande do Sul, por meio do Grupo de Capturas daquele estado. Ap\u00f3s o cumprimento da ordem judicial, expedida pela Vara do Juri e Execu\u00e7\u00f5es Penais de Lauro de Freitas., o suspeito passou por exames de les\u00f5es no Departamento de Pol\u00edcia T\u00e9cnica (DPT) e foi encaminhado para a Coordena\u00e7\u00e3o de Pol\u00edcia Interestadual (Polinter).<\/div>\n<\/div>\n<p><img src=\"https:\/\/www.correiodascidades.com.br\/v1\/wp-content\/uploads\/2024\/03\/normal_1710607371Foto5.jpeg\" \/><\/p>\n","protected":false},"excerpt":{"rendered":"<p>Uma a\u00e7\u00e3o conjunta do Departamento Especializado de Investiga\u00e7\u00f5es Criminais (Deic), do Departamento de Pol\u00edcia do Interior (Depin), da Diretoria de Pol\u00edcia do Interior (Dirpin\/Norte-Leste) e da Pol\u00edcia Federal resultou, na sexta-feira (15), em S\u00e3o Francisco do Conde, na pris\u00e3o de um homem com um mandado em aberto pelo crime de roubo. A captura foi fruto [&hellip;]<\/p>\n","protected":false},"author":3,"featured_media":9844,"comment_status":"closed","ping_status":"closed","sticky":false,"template":"","format":"standard","meta":{"_links_to":"","_links_to_target":""},"categories":[2],"tags":[],"_links":{"self":[{"href":"https:\/\/www.correiodascidades.com.br\/v1\/wp-json\/wp\/v2\/posts\/9843"}],"collection":[{"href":"https:\/\/www.correiodascidades.com.br\/v1\/wp-json\/wp\/v2\/posts"}],"about":[{"href":"https:\/\/www.correiodascidades.com.br\/v1\/wp-json\/wp\/v2\/types\/post"}],"author":[{"embeddable":true,"href":"https:\/\/www.correiodascidades.com.br\/v1\/wp-json\/wp\/v2\/users\/3"}],"replies":[{"embeddable":true,"href":"https:\/\/www.correiodascidades.com.br\/v1\/wp-json\/wp\/v2\/comments?post=9843"}],"version-history":[{"count":1,"href":"https:\/\/www.correiodascidades.com.br\/v1\/wp-json\/wp\/v2\/posts\/9843\/revisions"}],"predecessor-version":[{"id":9845,"href":"https:\/\/www.correiodascidades.com.br\/v1\/wp-json\/wp\/v2\/posts\/9843\/revisions\/9845"}],"wp:featuredmedia":[{"embeddable":true,"href":"https:\/\/www.correiodascidades.com.br\/v1\/wp-json\/wp\/v2\/media\/9844"}],"wp:attachment":[{"href":"https:\/\/www.correiodascidades.com.br\/v1\/wp-json\/wp\/v2\/media?parent=9843"}],"wp:term":[{"taxonomy":"category","embeddable":true,"href":"https:\/\/www.correiodascidades.com.br\/v1\/wp-json\/wp\/v2\/categories?post=9843"},{"taxonomy":"post_tag","embeddable":true,"href":"https:\/\/www.correiodascidades.com.br\/v1\/wp-json\/wp\/v2\/tags?post=9843"}],"curies":[{"name":"wp","href":"https:\/\/api.w.org\/{rel}","templated":true}]}}