{"id":9846,"date":"2024-03-19T08:41:40","date_gmt":"2024-03-19T11:41:40","guid":{"rendered":"https:\/\/www.correiodascidades.com.br\/v1\/?p=9846"},"modified":"2024-03-20T08:09:57","modified_gmt":"2024-03-20T11:09:57","slug":"augustao-se-filia-ao-pdt-e-discute-com-liderancas-do-partido-projetos-para-o-desenvolvimento-de-ilheus","status":"publish","type":"post","link":"https:\/\/www.correiodascidades.com.br\/v1\/2024\/03\/19\/augustao-se-filia-ao-pdt-e-discute-com-liderancas-do-partido-projetos-para-o-desenvolvimento-de-ilheus\/","title":{"rendered":"August\u00e3o se filia ao PDT e discute com lideran\u00e7as do partido projetos para o desenvolvimento de Ilh\u00e9us"},"content":{"rendered":"<p><img loading=\"lazy\" class=\"\" src=\"https:\/\/www.correiodascidades.com.br\/v1\/wp-content\/uploads\/2024\/03\/281a28da-2486-4c75-b214-a8ff753b1210-augusao.jpeg\" width=\"531\" height=\"399\" \/><\/p>\n<p>Pr\u00e9-candidato a prefeito de Ilh\u00e9us, o vereador August\u00e3o se reuniu na tarde desta segunda-feira(18), em Salvador, com o deputado federal F\u00e9lix Mendon\u00e7a, presidente do PDT, e com o vice-presidente do partido, Jos\u00e9 Carlos Ara\u00fajo, para discutir sobre importantes projetos de fortalecimento e desenvolvimento para o munic\u00edpio. O encontro, que contou ainda com a presen\u00e7a do presidente e do vice-presidente do PDT em Ilh\u00e9us, Humberto Neto e Lau Sabino, respectivamente, tamb\u00e9m oficializou a filia\u00e7\u00e3o do vereador ao partido.<\/p>\n<p>Durante a reuni\u00e3o, August\u00e3o ressaltou que Ilh\u00e9us enfrenta os mais diversos problemas, desde a \u00e1rea da sa\u00fade, com os postos desativados e sem atendimento; educa\u00e7\u00e3o, j\u00e1 que em muitas escolas municipais ainda nem iniciaram ano letivo, al\u00e9m da precariedade dos transportes, das estradas e da falta de investimentos no turismo e na gera\u00e7\u00e3o de emprego e renda. De acordo com ele, Ilh\u00e9us precisa de um prefeito que seja da cidade, que conhe\u00e7a a realidade do povo e que tenha compromisso de fato com o desenvolvimento e a melhoria da qualidade de vida da popula\u00e7\u00e3o.<\/p>\n<p>F\u00e9lix Mendon\u00e7a e Jos\u00e9 Carlos Ara\u00fajo fizeram quest\u00e3o de parabenizar August\u00e3o pelo trabalho que vem desenvolvendo em Ilh\u00e9us e garantiram que estar\u00e3o no munic\u00edpio no pr\u00f3ximo dia 04 de abril para o ato festivo de filia\u00e7\u00e3o do vereador e pr\u00e9 -candidato a prefeito. \u201c\u00c9, sem d\u00favidas, motivo de muita alegria e de orgulho ter um pol\u00edtico da qualidade de August\u00e3o no nosso partido. E n\u00f3s vamos estar juntos, firmando essa parceria e buscando cada vez mais projetos e a\u00e7\u00f5es que venham beneficiar o povo de Ilh\u00e9us\u201d, garantiram os dirigentes estaduais do PDT.<\/p>\n","protected":false},"excerpt":{"rendered":"<p>Pr\u00e9-candidato a prefeito de Ilh\u00e9us, o vereador August\u00e3o se reuniu na tarde desta segunda-feira(18), em Salvador, com o deputado federal F\u00e9lix Mendon\u00e7a, presidente do PDT, e com o vice-presidente do partido, Jos\u00e9 Carlos Ara\u00fajo, para discutir sobre importantes projetos de fortalecimento e desenvolvimento para o munic\u00edpio. O encontro, que contou ainda com a presen\u00e7a do [&hellip;]<\/p>\n","protected":false},"author":3,"featured_media":9847,"comment_status":"closed","ping_status":"closed","sticky":false,"template":"","format":"standard","meta":{"_links_to":"","_links_to_target":""},"categories":[1],"tags":[],"_links":{"self":[{"href":"https:\/\/www.correiodascidades.com.br\/v1\/wp-json\/wp\/v2\/posts\/9846"}],"collection":[{"href":"https:\/\/www.correiodascidades.com.br\/v1\/wp-json\/wp\/v2\/posts"}],"about":[{"href":"https:\/\/www.correiodascidades.com.br\/v1\/wp-json\/wp\/v2\/types\/post"}],"author":[{"embeddable":true,"href":"https:\/\/www.correiodascidades.com.br\/v1\/wp-json\/wp\/v2\/users\/3"}],"replies":[{"embeddable":true,"href":"https:\/\/www.correiodascidades.com.br\/v1\/wp-json\/wp\/v2\/comments?post=9846"}],"version-history":[{"count":2,"href":"https:\/\/www.correiodascidades.com.br\/v1\/wp-json\/wp\/v2\/posts\/9846\/revisions"}],"predecessor-version":[{"id":9849,"href":"https:\/\/www.correiodascidades.com.br\/v1\/wp-json\/wp\/v2\/posts\/9846\/revisions\/9849"}],"wp:featuredmedia":[{"embeddable":true,"href":"https:\/\/www.correiodascidades.com.br\/v1\/wp-json\/wp\/v2\/media\/9847"}],"wp:attachment":[{"href":"https:\/\/www.correiodascidades.com.br\/v1\/wp-json\/wp\/v2\/media?parent=9846"}],"wp:term":[{"taxonomy":"category","embeddable":true,"href":"https:\/\/www.correiodascidades.com.br\/v1\/wp-json\/wp\/v2\/categories?post=9846"},{"taxonomy":"post_tag","embeddable":true,"href":"https:\/\/www.correiodascidades.com.br\/v1\/wp-json\/wp\/v2\/tags?post=9846"}],"curies":[{"name":"wp","href":"https:\/\/api.w.org\/{rel}","templated":true}]}}