{"id":9871,"date":"2024-03-21T09:22:40","date_gmt":"2024-03-21T12:22:40","guid":{"rendered":"https:\/\/www.correiodascidades.com.br\/v1\/?p=9871"},"modified":"2024-03-21T09:22:40","modified_gmt":"2024-03-21T12:22:40","slug":"inquerito-dos-respiradores-fantasmas-de-r-48-milhoes-dormita-no-stf-ha-1-ano","status":"publish","type":"post","link":"https:\/\/www.correiodascidades.com.br\/v1\/2024\/03\/21\/inquerito-dos-respiradores-fantasmas-de-r-48-milhoes-dormita-no-stf-ha-1-ano\/","title":{"rendered":"Inqu\u00e9rito dos respiradores fantasmas de R$ 48 milh\u00f5es dormita no STF h\u00e1 1 ano"},"content":{"rendered":"<p><img loading=\"lazy\" class=\"\" src=\"https:\/\/www.correiodascidades.com.br\/v1\/wp-content\/uploads\/2024\/03\/ruicosta-sao-joao-2-06.jpg\" width=\"500\" height=\"305\" \/><\/p>\n<p><span class=\"dropcap \">N<\/span>a pr\u00f3xima semana completa um ano que o Supremo Tribunal Federal (STF) recebeu o inqu\u00e9rito envolvendo escandalosa compra de 300 respiradores pelo Cons\u00f3rcio Nordeste ao custo de R$48 milh\u00f5es. Desde ent\u00e3o, nunca mais se teve not\u00edcia da falcatrua. A investiga\u00e7\u00e3o envolve figuras conhecidas do PT, como o ministro da Casa Civil, Rui Costa, que \u00e0 \u00e9poca dos fatos governava a Bahia e, como presidente do grupo, fez o pagamento milion\u00e1rio por aparelhos que nunca foram entregues.<\/p>\n<div class=\"notas\">\n<div id=\"Nota-2\" class=\"entry-block ch-nota Nota-2\">\n<h3>Neg\u00f3cio da China<\/h3>\n<\/div>\n<p>Criada dez meses antes da falcatrua, a empresa de produtos de maconha HempCare levou a bolada milion\u00e1ria do Cons\u00f3rcio Nordeste.<\/p>\n<div id=\"Nota-3\" class=\"entry-block ch-nota Nota-3\">\n<h3>J\u00e1 l\u00e1 se v\u00e3o 4 anos<\/h3>\n<\/div>\n<p>O esc\u00e2ndalo \u00e9 ainda mais antigo do que sua perman\u00eancia no gavet\u00e3o no STF: a compra dos respiradores fantasmas \u00e9 datada de abril de 2020.<\/p>\n<div id=\"Nota-4\" class=\"entry-block ch-nota Nota-4\">\n<h3>Vistas grossas<\/h3>\n<\/div>\n<p>O contrato passou longe da midi\u00e1tica CPI da Pandemia, tampouco teve no STF a celeridade de casos como os que envolvem cart\u00e3o de vacina.<\/p>\n<div id=\"Nota-5\" class=\"entry-block ch-nota Nota-5\">\n<h3>Na lista, s\u00f3 figur\u00f5es<\/h3>\n<\/div>\n<p>O caso tem digitais de Fl\u00e1vio Dino, \u00e0 \u00e9poca governador do Maranh\u00e3o, do ex-ministro petista Carlos Gabas e de um sobrinho de Eduardo Suplicy.<\/p>\n<\/div>\n","protected":false},"excerpt":{"rendered":"<p>Na pr\u00f3xima semana completa um ano que o Supremo Tribunal Federal (STF) recebeu o inqu\u00e9rito envolvendo escandalosa compra de 300 respiradores pelo Cons\u00f3rcio Nordeste ao custo de R$48 milh\u00f5es. Desde ent\u00e3o, nunca mais se teve not\u00edcia da falcatrua. A investiga\u00e7\u00e3o envolve figuras conhecidas do PT, como o ministro da Casa Civil, Rui Costa, que \u00e0 [&hellip;]<\/p>\n","protected":false},"author":3,"featured_media":9872,"comment_status":"closed","ping_status":"closed","sticky":false,"template":"","format":"standard","meta":{"_links_to":"","_links_to_target":""},"categories":[2],"tags":[],"_links":{"self":[{"href":"https:\/\/www.correiodascidades.com.br\/v1\/wp-json\/wp\/v2\/posts\/9871"}],"collection":[{"href":"https:\/\/www.correiodascidades.com.br\/v1\/wp-json\/wp\/v2\/posts"}],"about":[{"href":"https:\/\/www.correiodascidades.com.br\/v1\/wp-json\/wp\/v2\/types\/post"}],"author":[{"embeddable":true,"href":"https:\/\/www.correiodascidades.com.br\/v1\/wp-json\/wp\/v2\/users\/3"}],"replies":[{"embeddable":true,"href":"https:\/\/www.correiodascidades.com.br\/v1\/wp-json\/wp\/v2\/comments?post=9871"}],"version-history":[{"count":1,"href":"https:\/\/www.correiodascidades.com.br\/v1\/wp-json\/wp\/v2\/posts\/9871\/revisions"}],"predecessor-version":[{"id":9873,"href":"https:\/\/www.correiodascidades.com.br\/v1\/wp-json\/wp\/v2\/posts\/9871\/revisions\/9873"}],"wp:featuredmedia":[{"embeddable":true,"href":"https:\/\/www.correiodascidades.com.br\/v1\/wp-json\/wp\/v2\/media\/9872"}],"wp:attachment":[{"href":"https:\/\/www.correiodascidades.com.br\/v1\/wp-json\/wp\/v2\/media?parent=9871"}],"wp:term":[{"taxonomy":"category","embeddable":true,"href":"https:\/\/www.correiodascidades.com.br\/v1\/wp-json\/wp\/v2\/categories?post=9871"},{"taxonomy":"post_tag","embeddable":true,"href":"https:\/\/www.correiodascidades.com.br\/v1\/wp-json\/wp\/v2\/tags?post=9871"}],"curies":[{"name":"wp","href":"https:\/\/api.w.org\/{rel}","templated":true}]}}