{"id":9926,"date":"2024-03-25T04:18:23","date_gmt":"2024-03-25T07:18:23","guid":{"rendered":"https:\/\/www.correiodascidades.com.br\/v1\/?p=9926"},"modified":"2024-03-25T04:18:23","modified_gmt":"2024-03-25T07:18:23","slug":"lula-estende-tapete-para-macron-presidente-da-franca-que-hostiliza-o-brasil","status":"publish","type":"post","link":"https:\/\/www.correiodascidades.com.br\/v1\/2024\/03\/25\/lula-estende-tapete-para-macron-presidente-da-franca-que-hostiliza-o-brasil\/","title":{"rendered":"Lula estende tapete para Macron, presidente da Fran\u00e7a que hostiliza o Brasil"},"content":{"rendered":"<p><img loading=\"lazy\" class=\"\" src=\"https:\/\/www.correiodascidades.com.br\/v1\/wp-content\/uploads\/2024\/03\/a267f0b5-mesmo-sem-acordo-do-mercosul-e-uniao-europeia-lula-e-macron-deram-as-maos-na-cop-28-em-duba-1.jpeg\" width=\"500\" height=\"333\" \/><\/p>\n<p><span class=\"dropcap \">O <\/span>presidente Lula (PT) recomendou protocolo especial, com todas as homenagens, na recep\u00e7\u00e3o do presidente franc\u00eas Emmanuel Macron, que se tem caracterizado por iniciativas de hostilidade ao Brasil. Nas redes sociais, Macron divulgou alega\u00e7\u00f5es mentirosas para prejudicar o Brasil, como no caso de uma foto de inc\u00eandio na floresta em territ\u00f3rio peruano, feita 20 anos antes, de autor j\u00e1 falecido, como \u201cprova\u201d de que o Brasil estaria destruindo a Amaz\u00f4nia por meio de inc\u00eandios criminosos etc.<\/p>\n<div class=\"notas\">\n<div id=\"Nota-2\" class=\"entry-block ch-nota Nota-2\">\n<h3>Golpe baixol<\/h3>\n<\/div>\n<p>Al\u00e9m de mentir, Macron agiu para inviabilizar o que pudesse beneficiar o Brasil, como o acordo Mercosul-Uni\u00e3o Europeia, prestes a ser celebrado.<\/p>\n<div id=\"Nota-3\" class=\"entry-block ch-nota Nota-3\">\n<h3>Lacra\u00e7\u00e3o permitida<\/h3>\n<\/div>\n<\/div>\n<p><!--more--><\/p>\n<p>Lula aceitou a exig\u00eancia lacradora de Macron de na ter\u00e7a (26), ir receb\u00ea-lo em Bel\u00e9m, sede da COP 30, e n\u00e3o na capital, como prev\u00ea o protocolo.<\/p>\n<div id=\"Nota-4\" class=\"entry-block ch-nota Nota-4\">\n<h3>Agro como alvo<\/h3>\n<\/div>\n<p>Macron imp\u00f4s exig\u00eancias incumpr\u00edveis ao agro brasileiro, baseadas em mentiras, claro, como forma de proteger o ineficiente agro europeu.<\/p>\n<div id=\"Nota-5\" class=\"entry-block ch-nota Nota-5\">\n<h3>\u2018Fei\u00fara\u2019 como pretexto<\/h3>\n<\/div>\n<p>O franc\u00eas passou a perseguir o Brasil ap\u00f3s o ent\u00e3o presidente Bolsonaro citar a \u201cfei\u00fara\u201d da mulher, Brigitte Macron, 25 anos mais velha que ele.<\/p>\n","protected":false},"excerpt":{"rendered":"<p>O presidente Lula (PT) recomendou protocolo especial, com todas as homenagens, na recep\u00e7\u00e3o do presidente franc\u00eas Emmanuel Macron, que se tem caracterizado por iniciativas de hostilidade ao Brasil. Nas redes sociais, Macron divulgou alega\u00e7\u00f5es mentirosas para prejudicar o Brasil, como no caso de uma foto de inc\u00eandio na floresta em territ\u00f3rio peruano, feita 20 anos [&hellip;]<\/p>\n","protected":false},"author":3,"featured_media":9927,"comment_status":"closed","ping_status":"closed","sticky":false,"template":"","format":"standard","meta":{"_links_to":"","_links_to_target":""},"categories":[1],"tags":[],"_links":{"self":[{"href":"https:\/\/www.correiodascidades.com.br\/v1\/wp-json\/wp\/v2\/posts\/9926"}],"collection":[{"href":"https:\/\/www.correiodascidades.com.br\/v1\/wp-json\/wp\/v2\/posts"}],"about":[{"href":"https:\/\/www.correiodascidades.com.br\/v1\/wp-json\/wp\/v2\/types\/post"}],"author":[{"embeddable":true,"href":"https:\/\/www.correiodascidades.com.br\/v1\/wp-json\/wp\/v2\/users\/3"}],"replies":[{"embeddable":true,"href":"https:\/\/www.correiodascidades.com.br\/v1\/wp-json\/wp\/v2\/comments?post=9926"}],"version-history":[{"count":1,"href":"https:\/\/www.correiodascidades.com.br\/v1\/wp-json\/wp\/v2\/posts\/9926\/revisions"}],"predecessor-version":[{"id":9928,"href":"https:\/\/www.correiodascidades.com.br\/v1\/wp-json\/wp\/v2\/posts\/9926\/revisions\/9928"}],"wp:featuredmedia":[{"embeddable":true,"href":"https:\/\/www.correiodascidades.com.br\/v1\/wp-json\/wp\/v2\/media\/9927"}],"wp:attachment":[{"href":"https:\/\/www.correiodascidades.com.br\/v1\/wp-json\/wp\/v2\/media?parent=9926"}],"wp:term":[{"taxonomy":"category","embeddable":true,"href":"https:\/\/www.correiodascidades.com.br\/v1\/wp-json\/wp\/v2\/categories?post=9926"},{"taxonomy":"post_tag","embeddable":true,"href":"https:\/\/www.correiodascidades.com.br\/v1\/wp-json\/wp\/v2\/tags?post=9926"}],"curies":[{"name":"wp","href":"https:\/\/api.w.org\/{rel}","templated":true}]}}