{"id":9933,"date":"2024-03-25T17:23:48","date_gmt":"2024-03-25T20:23:48","guid":{"rendered":"https:\/\/www.correiodascidades.com.br\/v1\/?p=9933"},"modified":"2024-03-25T17:23:48","modified_gmt":"2024-03-25T20:23:48","slug":"homem-com-historico-por-furto-de-gado-e-preso-em-feira-de-santana","status":"publish","type":"post","link":"https:\/\/www.correiodascidades.com.br\/v1\/2024\/03\/25\/homem-com-historico-por-furto-de-gado-e-preso-em-feira-de-santana\/","title":{"rendered":"Homem com hist\u00f3rico por furto de gado \u00e9 preso em Feira de Santana"},"content":{"rendered":"<h1><img loading=\"lazy\" class=\"\" src=\"https:\/\/www.correiodascidades.com.br\/v1\/wp-content\/uploads\/2024\/03\/normal_1711390902454351.jpeg\" width=\"496\" height=\"372\" \/><\/h1>\n<h1 id=\"story_title\"><span style=\"font-size: 16px;\">Equipes da Delegacia Territorial (DT\/Anguera) e da Delegacia de Homic\u00eddios (DH\/Feira de Santana) prenderam, na quinta-feira (21), um homem indiciado tr\u00eas vezes pelos crimes de furto e recepta\u00e7\u00e3o de gado no munic\u00edpio de Anguera.\u00a0<\/span><\/h1>\n<p><!--more--><\/p>\n<div id=\"story_text\">\n<div><\/div>\n<div>Os furtos de tr\u00eas bois e dois bezerros somaram um preju\u00edzo de aproximadamente R$ 17 mil reais. O homem teve o mandado de pris\u00e3o preventiva cumprido em Feira de Santana. Os animais foram recuperados e restitu\u00eddos aos propriet\u00e1rios.<\/div>\n<div><\/div>\n<div>Depois de ter o mandado de pris\u00e3o cumprido, o acusado passou por exames de les\u00f5es corporais e seguir\u00e1 para o sistema prisional, onde ficar\u00e1 \u00e0 disposi\u00e7\u00e3o do Poder Judici\u00e1rio.<\/div>\n<\/div>\n","protected":false},"excerpt":{"rendered":"<p>Equipes da Delegacia Territorial (DT\/Anguera) e da Delegacia de Homic\u00eddios (DH\/Feira de Santana) prenderam, na quinta-feira (21), um homem indiciado tr\u00eas vezes pelos crimes de furto e recepta\u00e7\u00e3o de gado no munic\u00edpio de Anguera.\u00a0<\/p>\n","protected":false},"author":3,"featured_media":9934,"comment_status":"closed","ping_status":"closed","sticky":false,"template":"","format":"standard","meta":{"_links_to":"","_links_to_target":""},"categories":[11],"tags":[],"_links":{"self":[{"href":"https:\/\/www.correiodascidades.com.br\/v1\/wp-json\/wp\/v2\/posts\/9933"}],"collection":[{"href":"https:\/\/www.correiodascidades.com.br\/v1\/wp-json\/wp\/v2\/posts"}],"about":[{"href":"https:\/\/www.correiodascidades.com.br\/v1\/wp-json\/wp\/v2\/types\/post"}],"author":[{"embeddable":true,"href":"https:\/\/www.correiodascidades.com.br\/v1\/wp-json\/wp\/v2\/users\/3"}],"replies":[{"embeddable":true,"href":"https:\/\/www.correiodascidades.com.br\/v1\/wp-json\/wp\/v2\/comments?post=9933"}],"version-history":[{"count":1,"href":"https:\/\/www.correiodascidades.com.br\/v1\/wp-json\/wp\/v2\/posts\/9933\/revisions"}],"predecessor-version":[{"id":9935,"href":"https:\/\/www.correiodascidades.com.br\/v1\/wp-json\/wp\/v2\/posts\/9933\/revisions\/9935"}],"wp:featuredmedia":[{"embeddable":true,"href":"https:\/\/www.correiodascidades.com.br\/v1\/wp-json\/wp\/v2\/media\/9934"}],"wp:attachment":[{"href":"https:\/\/www.correiodascidades.com.br\/v1\/wp-json\/wp\/v2\/media?parent=9933"}],"wp:term":[{"taxonomy":"category","embeddable":true,"href":"https:\/\/www.correiodascidades.com.br\/v1\/wp-json\/wp\/v2\/categories?post=9933"},{"taxonomy":"post_tag","embeddable":true,"href":"https:\/\/www.correiodascidades.com.br\/v1\/wp-json\/wp\/v2\/tags?post=9933"}],"curies":[{"name":"wp","href":"https:\/\/api.w.org\/{rel}","templated":true}]}}