{"id":9939,"date":"2024-03-25T18:53:15","date_gmt":"2024-03-25T21:53:15","guid":{"rendered":"https:\/\/www.correiodascidades.com.br\/v1\/?p=9939"},"modified":"2024-03-25T18:53:15","modified_gmt":"2024-03-25T21:53:15","slug":"edvaldo-brito-festeja-os-200-anos-da-primeira-constituicao-e-reivindica-mais-negros-no-poder","status":"publish","type":"post","link":"https:\/\/www.correiodascidades.com.br\/v1\/2024\/03\/25\/edvaldo-brito-festeja-os-200-anos-da-primeira-constituicao-e-reivindica-mais-negros-no-poder\/","title":{"rendered":"Edvaldo Brito festeja os 200 anos da primeira Constitui\u00e7\u00e3o e reivindica mais negros no poder"},"content":{"rendered":"<p><img loading=\"lazy\" class=\"\" src=\"https:\/\/www.correiodascidades.com.br\/v1\/wp-content\/uploads\/2024\/03\/Edvaldo-Brito.jpg\" width=\"516\" height=\"306\" \/><\/p>\n<p>O jurista e Vereador Edvaldo Brito (PSD) ocupou nesta segunda-feira (25) a Tribuna da C\u00e2mara Municipal de Salvador, para lembrar que, nesta data, comemora-se os 200 anos da promulga\u00e7\u00e3o da primeira Constitui\u00e7\u00e3o do Brasil. Em 25 de mar\u00e7o de 1824 o Brasil era o \u00fanico imp\u00e9rio das Am\u00e9ricas, com Dom Pedro I \u00e0 frente do governo. No seu pronunciamento, Brito destacou que na Carta Magna tinha uma regra: o candidato para ser Senador deveria ter patrim\u00f4nio de 800 contos de r\u00e9is (cerca de 100 milh\u00f5es de reais hoje).\u00a0 <!--more--><\/p>\n<p>Ele destacou que, naquela situa\u00e7\u00e3o, era imposs\u00edvel um escravo ou um descendente seu subir na tribuna municipal ou governar essa cidade. Recordou que ele veio de Muritiba para estudar, tomou um navio, e 25 anos depois era o prefeito da capital baiana. Encerrando, parabenizou a cidade pelos 475 anos e lembrou, que durante todo esse tempo, Salvador s\u00f3 foi governada uma \u00fanica vez por um negro, ele mesmo. E lan\u00e7ou um desafio: \u201cA pergunta que se faz e que eu fa\u00e7o, depois de 70 anos de conviv\u00eancia com essa cidade, por que, meu Deus, s\u00f3 um? Qual a raz\u00e3o? \u00c9 o desafio que eu deixo, mas \u00e9 tamb\u00e9m, a vontade de mostrar que n\u00f3s todos deveremos lutar para que esta cidade tenha mais negros a governandor e reconhe\u00e7a a for\u00e7a que os negros aqui lhe emprestaram com toda a sua energia<\/p>\n","protected":false},"excerpt":{"rendered":"<p>O jurista e Vereador Edvaldo Brito (PSD) ocupou nesta segunda-feira (25) a Tribuna da C\u00e2mara Municipal de Salvador, para lembrar que, nesta data, comemora-se os 200 anos da promulga\u00e7\u00e3o da primeira Constitui\u00e7\u00e3o do Brasil. Em 25 de mar\u00e7o de 1824 o Brasil era o \u00fanico imp\u00e9rio das Am\u00e9ricas, com Dom Pedro I \u00e0 frente do [&hellip;]<\/p>\n","protected":false},"author":3,"featured_media":9940,"comment_status":"closed","ping_status":"closed","sticky":false,"template":"","format":"standard","meta":{"_links_to":"","_links_to_target":""},"categories":[1],"tags":[],"_links":{"self":[{"href":"https:\/\/www.correiodascidades.com.br\/v1\/wp-json\/wp\/v2\/posts\/9939"}],"collection":[{"href":"https:\/\/www.correiodascidades.com.br\/v1\/wp-json\/wp\/v2\/posts"}],"about":[{"href":"https:\/\/www.correiodascidades.com.br\/v1\/wp-json\/wp\/v2\/types\/post"}],"author":[{"embeddable":true,"href":"https:\/\/www.correiodascidades.com.br\/v1\/wp-json\/wp\/v2\/users\/3"}],"replies":[{"embeddable":true,"href":"https:\/\/www.correiodascidades.com.br\/v1\/wp-json\/wp\/v2\/comments?post=9939"}],"version-history":[{"count":1,"href":"https:\/\/www.correiodascidades.com.br\/v1\/wp-json\/wp\/v2\/posts\/9939\/revisions"}],"predecessor-version":[{"id":9941,"href":"https:\/\/www.correiodascidades.com.br\/v1\/wp-json\/wp\/v2\/posts\/9939\/revisions\/9941"}],"wp:featuredmedia":[{"embeddable":true,"href":"https:\/\/www.correiodascidades.com.br\/v1\/wp-json\/wp\/v2\/media\/9940"}],"wp:attachment":[{"href":"https:\/\/www.correiodascidades.com.br\/v1\/wp-json\/wp\/v2\/media?parent=9939"}],"wp:term":[{"taxonomy":"category","embeddable":true,"href":"https:\/\/www.correiodascidades.com.br\/v1\/wp-json\/wp\/v2\/categories?post=9939"},{"taxonomy":"post_tag","embeddable":true,"href":"https:\/\/www.correiodascidades.com.br\/v1\/wp-json\/wp\/v2\/tags?post=9939"}],"curies":[{"name":"wp","href":"https:\/\/api.w.org\/{rel}","templated":true}]}}