{"id":9946,"date":"2024-03-26T08:33:36","date_gmt":"2024-03-26T11:33:36","guid":{"rendered":"https:\/\/www.correiodascidades.com.br\/v1\/?p=9946"},"modified":"2024-03-26T08:33:36","modified_gmt":"2024-03-26T11:33:36","slug":"ambulancias-e-equipamentos-de-saude-que-vao-beneficiar-mais-de-180-cidades-baianas","status":"publish","type":"post","link":"https:\/\/www.correiodascidades.com.br\/v1\/2024\/03\/26\/ambulancias-e-equipamentos-de-saude-que-vao-beneficiar-mais-de-180-cidades-baianas\/","title":{"rendered":"Ambul\u00e2ncias e equipamentos de sa\u00fade que v\u00e3o beneficiar mais de 180 cidades baianas"},"content":{"rendered":"<p><img loading=\"lazy\" class=\"\" src=\"https:\/\/www.correiodascidades.com.br\/v1\/wp-content\/uploads\/2024\/03\/Fotos-Manu-DiasGOVBA-11-696x392-1.jpg\" width=\"511\" height=\"288\" \/><\/p>\n<p><span class=\"dropcap \">O <\/span>Governo do Estado entregou, na manh\u00e3 desta segunda-feira (25), 23 novas ambul\u00e2ncias. O ato, conduzido pelo governador Jer\u00f4nimo Rodrigues e pela secret\u00e1ria de sa\u00fade Roberta Santana, tamb\u00e9m marca a entrega de 402 entre kits com aparelhos de sa\u00fade. No total, foram aplicados mais de R$ 28,9 milh\u00f5es para fortalecer a assist\u00eancia b\u00e1sica em sa\u00fade prestada pelas prefeituras de mais de 180 munic\u00edpios baianos. O ato de entrega acontece Parque de Exposi\u00e7\u00f5es de Salvador, na presen\u00e7a de diversas autoridades. <!--more--><\/p>\n<p>\u201cA sa\u00fade, o tratamento, n\u00e3o come\u00e7am na \u00faltima inst\u00e2ncia de uma situa\u00e7\u00e3o, por mais grave que seja. Ela passa pelas m\u00e3os das secretarias municipais de sa\u00fade. \u00c9 fundamental que a gente possa construir esse sistema de sa\u00fade bem fortalecido\u201d, destacou o governador, ao refor\u00e7ar a import\u00e2ncia de investir em sa\u00fade dos munic\u00edpios e, em seguida, afirmar que novas entregas ser\u00e3o feitas.<\/p>\n<p>O investimento total para o refor\u00e7o da frota de ambul\u00e2ncias de quase R$ 6,2 milh\u00f5es. A capital recebe dois novos ve\u00edculos modelo Toyota Hillux, al\u00e9m de cidades como Abar\u00e9, Nilo Pe\u00e7anha, Sento S\u00e9, El\u00edsio Medrado e Igrapi\u00fana. J\u00e1 os aparelhos de sa\u00fade somam mais de R$ 22,7 milh\u00f5es.<\/p>\n","protected":false},"excerpt":{"rendered":"<p>O Governo do Estado entregou, na manh\u00e3 desta segunda-feira (25), 23 novas ambul\u00e2ncias. O ato, conduzido pelo governador Jer\u00f4nimo Rodrigues e pela secret\u00e1ria de sa\u00fade Roberta Santana, tamb\u00e9m marca a entrega de 402 entre kits com aparelhos de sa\u00fade. No total, foram aplicados mais de R$ 28,9 milh\u00f5es para fortalecer a assist\u00eancia b\u00e1sica em sa\u00fade [&hellip;]<\/p>\n","protected":false},"author":3,"featured_media":9947,"comment_status":"closed","ping_status":"closed","sticky":false,"template":"","format":"standard","meta":{"_links_to":"","_links_to_target":""},"categories":[11,38],"tags":[],"_links":{"self":[{"href":"https:\/\/www.correiodascidades.com.br\/v1\/wp-json\/wp\/v2\/posts\/9946"}],"collection":[{"href":"https:\/\/www.correiodascidades.com.br\/v1\/wp-json\/wp\/v2\/posts"}],"about":[{"href":"https:\/\/www.correiodascidades.com.br\/v1\/wp-json\/wp\/v2\/types\/post"}],"author":[{"embeddable":true,"href":"https:\/\/www.correiodascidades.com.br\/v1\/wp-json\/wp\/v2\/users\/3"}],"replies":[{"embeddable":true,"href":"https:\/\/www.correiodascidades.com.br\/v1\/wp-json\/wp\/v2\/comments?post=9946"}],"version-history":[{"count":1,"href":"https:\/\/www.correiodascidades.com.br\/v1\/wp-json\/wp\/v2\/posts\/9946\/revisions"}],"predecessor-version":[{"id":9948,"href":"https:\/\/www.correiodascidades.com.br\/v1\/wp-json\/wp\/v2\/posts\/9946\/revisions\/9948"}],"wp:featuredmedia":[{"embeddable":true,"href":"https:\/\/www.correiodascidades.com.br\/v1\/wp-json\/wp\/v2\/media\/9947"}],"wp:attachment":[{"href":"https:\/\/www.correiodascidades.com.br\/v1\/wp-json\/wp\/v2\/media?parent=9946"}],"wp:term":[{"taxonomy":"category","embeddable":true,"href":"https:\/\/www.correiodascidades.com.br\/v1\/wp-json\/wp\/v2\/categories?post=9946"},{"taxonomy":"post_tag","embeddable":true,"href":"https:\/\/www.correiodascidades.com.br\/v1\/wp-json\/wp\/v2\/tags?post=9946"}],"curies":[{"name":"wp","href":"https:\/\/api.w.org\/{rel}","templated":true}]}}