{"id":9949,"date":"2024-03-26T08:36:41","date_gmt":"2024-03-26T11:36:41","guid":{"rendered":"https:\/\/www.correiodascidades.com.br\/v1\/?p=9949"},"modified":"2024-03-26T08:36:41","modified_gmt":"2024-03-26T11:36:41","slug":"pm-apreende-arma-de-fogo-drogas-e-municoes-no-pedro-jeronimo-em-itabuna","status":"publish","type":"post","link":"https:\/\/www.correiodascidades.com.br\/v1\/2024\/03\/26\/pm-apreende-arma-de-fogo-drogas-e-municoes-no-pedro-jeronimo-em-itabuna\/","title":{"rendered":"PM apreende arma de fogo, drogas e muni\u00e7\u00f5es no Pedro Jer\u00f4nimo em Itabuna"},"content":{"rendered":"<h3 class=\"post-title entry-title\"><\/h3>\n<div id=\"post-body-1511035172306699830\" class=\"post-body entry-content\">\n<div class=\"separator\"><a href=\"https:\/\/blogger.googleusercontent.com\/img\/b\/R29vZ2xl\/AVvXsEhQMTx6XcqTQVbRG5orMiO6gC_jMcLuOJJLks3x8QVEiL8CA-TEh7HY4q66Lql2oBKOMOjyoZlaWGnuvAqLJKJYkvQIUKiFHJrkNlvgA_vv3jsnRsUXe-k1niD9G9mqBtwKEW2rZCM5VenMNnw6bN_yst-X0ct4GNwOMflFHuV6YkrkBdh-MiM5N-7gBTOR\/s994\/WhatsApp%20Image%202024-03-26%20at%2007.52.09.jpeg\" class=\"gallery_colorbox\"><img loading=\"lazy\" src=\"https:\/\/blogger.googleusercontent.com\/img\/b\/R29vZ2xl\/AVvXsEhQMTx6XcqTQVbRG5orMiO6gC_jMcLuOJJLks3x8QVEiL8CA-TEh7HY4q66Lql2oBKOMOjyoZlaWGnuvAqLJKJYkvQIUKiFHJrkNlvgA_vv3jsnRsUXe-k1niD9G9mqBtwKEW2rZCM5VenMNnw6bN_yst-X0ct4GNwOMflFHuV6YkrkBdh-MiM5N-7gBTOR\/w640-h424\/WhatsApp%20Image%202024-03-26%20at%2007.52.09.jpeg\"  width=\"640\" height=\"424\" border=\"0\" data-original-height=\"658\" data-original-width=\"994\" \/><\/a><\/div>\n<p>Ap\u00f3s den\u00fancia an\u00f4nima, e no \u00e2mbito da Opera\u00e7\u00e3o Garra de Arquimedes, policiais militares do 15\u00b0 BPM apreenderam drogas, arma de fogo, muni\u00e7\u00f5es\u00a0 e material utilizado em favor do narcotr\u00e1fico, que fomenta o crime organizado.<\/p>\n<p>Este caso mais recente aconteceu no bairro Pedro Jer\u00f4nimo, nesta segunda-feira (25). Alguns suspeitos conseguiram fugir assim que viram os policiais.<\/p>\n<p>No entanto, deixaram para tr\u00e1s vasto material: uma pistola de calibre. 635, uma c\u00e2mera de v\u00eddeo monitoramento clandestino, nove balan\u00e7as de precis\u00e3o, 39 muni\u00e7\u00f5es de calibres variados, duas correntes prateadas, 389g de maconha, 76g de haxixe, 223g de coca\u00edna, 12g de crack e 13g de K9, um esp\u00e9cie de droga sint\u00e9tica.<\/p>\n<p>Todo o material apreendido foi apresentado no plant\u00e3o central da Pol\u00edcia Civil, no Complexo Policial de Itabuna. A Pol\u00edcia Civil, por meio da Delegacia de T\u00f3xicos e Entorpecentes, investiga o caso.<\/p>\n<\/div>\n","protected":false},"excerpt":{"rendered":"<p>Ap\u00f3s den\u00fancia an\u00f4nima, e no \u00e2mbito da Opera\u00e7\u00e3o Garra de Arquimedes, policiais militares do 15\u00b0 BPM apreenderam drogas, arma de fogo, muni\u00e7\u00f5es\u00a0 e material utilizado em favor do narcotr\u00e1fico, que fomenta o crime organizado. Este caso mais recente aconteceu no bairro Pedro Jer\u00f4nimo, nesta segunda-feira (25). Alguns suspeitos conseguiram fugir assim que viram os policiais. [&hellip;]<\/p>\n","protected":false},"author":3,"featured_media":9947,"comment_status":"closed","ping_status":"closed","sticky":false,"template":"","format":"standard","meta":{"_links_to":"","_links_to_target":""},"categories":[1],"tags":[],"_links":{"self":[{"href":"https:\/\/www.correiodascidades.com.br\/v1\/wp-json\/wp\/v2\/posts\/9949"}],"collection":[{"href":"https:\/\/www.correiodascidades.com.br\/v1\/wp-json\/wp\/v2\/posts"}],"about":[{"href":"https:\/\/www.correiodascidades.com.br\/v1\/wp-json\/wp\/v2\/types\/post"}],"author":[{"embeddable":true,"href":"https:\/\/www.correiodascidades.com.br\/v1\/wp-json\/wp\/v2\/users\/3"}],"replies":[{"embeddable":true,"href":"https:\/\/www.correiodascidades.com.br\/v1\/wp-json\/wp\/v2\/comments?post=9949"}],"version-history":[{"count":1,"href":"https:\/\/www.correiodascidades.com.br\/v1\/wp-json\/wp\/v2\/posts\/9949\/revisions"}],"predecessor-version":[{"id":9950,"href":"https:\/\/www.correiodascidades.com.br\/v1\/wp-json\/wp\/v2\/posts\/9949\/revisions\/9950"}],"wp:featuredmedia":[{"embeddable":true,"href":"https:\/\/www.correiodascidades.com.br\/v1\/wp-json\/wp\/v2\/media\/9947"}],"wp:attachment":[{"href":"https:\/\/www.correiodascidades.com.br\/v1\/wp-json\/wp\/v2\/media?parent=9949"}],"wp:term":[{"taxonomy":"category","embeddable":true,"href":"https:\/\/www.correiodascidades.com.br\/v1\/wp-json\/wp\/v2\/categories?post=9949"},{"taxonomy":"post_tag","embeddable":true,"href":"https:\/\/www.correiodascidades.com.br\/v1\/wp-json\/wp\/v2\/tags?post=9949"}],"curies":[{"name":"wp","href":"https:\/\/api.w.org\/{rel}","templated":true}]}}