{"id":9951,"date":"2024-03-26T08:48:43","date_gmt":"2024-03-26T11:48:43","guid":{"rendered":"https:\/\/www.correiodascidades.com.br\/v1\/?p=9951"},"modified":"2024-03-26T08:50:25","modified_gmt":"2024-03-26T11:50:25","slug":"ilheus-a-coleba-e-seus-problemas","status":"publish","type":"post","link":"https:\/\/www.correiodascidades.com.br\/v1\/2024\/03\/26\/ilheus-a-coleba-e-seus-problemas\/","title":{"rendered":"ILH\u00c9US: A COELBA E SEUS PROBLEMAS"},"content":{"rendered":"<p><img loading=\"lazy\" class=\"\" src=\"https:\/\/www.correiodascidades.com.br\/v1\/wp-content\/uploads\/2024\/03\/Screenshot_20240326-080853-329.jpg\" width=\"452\" height=\"546\" \/><\/p>\n<p>Na manh\u00e3 desta ter\u00e7a feira (26), quem passou pela Avenida Petrobr\u00e1s levou um susto enorme ao ver a fia\u00e7\u00e3o dos postes pegando fogo. De acordo com informa\u00e7\u00f5es, um curto circuito em um dos postes da localidade teria iniciado o problema.<\/p>\n<p>As chamas correram por boa parte dos fios, e as pessoas que caminhavam por ali tiveram dificuldades para transitar pois, havia muito fogo.<\/p>\n<p>A Coelba n\u00e3o explicou o que poderia ter acontecido, o que se sabe \u00e9 que em dois dias este \u00e9 o segundo caso que acontece. O mesmo problema aconteceu na manh\u00e3 de ontem no Parque infantil a tr\u00eas quil\u00f4metros da localidade.<\/p>\n<p>Uma fia\u00e7\u00e3o pegou fogo de forma levando p\u00e2nico a popula\u00e7\u00e3o. A coisa t\u00e1 seria.<\/p>\n<p>N\u00e3o custa nada lembrar que a Coelba enfrenta problemas ser\u00edssimos de ordens de apag\u00e3o, queda de energia, oscila\u00e7\u00f5es entre outras coisas na cidade e o povo n\u00e3o aguentam mais tantos problemas<\/p>\n<p>&nbsp;<\/p>\n","protected":false},"excerpt":{"rendered":"<p>Na manh\u00e3 desta ter\u00e7a feira (26), quem passou pela Avenida Petrobr\u00e1s levou um susto enorme ao ver a fia\u00e7\u00e3o dos postes pegando fogo. De acordo com informa\u00e7\u00f5es, um curto circuito em um dos postes da localidade teria iniciado o problema. As chamas correram por boa parte dos fios, e as pessoas que caminhavam por ali [&hellip;]<\/p>\n","protected":false},"author":3,"featured_media":9952,"comment_status":"closed","ping_status":"closed","sticky":false,"template":"","format":"standard","meta":{"_links_to":"","_links_to_target":""},"categories":[44],"tags":[],"_links":{"self":[{"href":"https:\/\/www.correiodascidades.com.br\/v1\/wp-json\/wp\/v2\/posts\/9951"}],"collection":[{"href":"https:\/\/www.correiodascidades.com.br\/v1\/wp-json\/wp\/v2\/posts"}],"about":[{"href":"https:\/\/www.correiodascidades.com.br\/v1\/wp-json\/wp\/v2\/types\/post"}],"author":[{"embeddable":true,"href":"https:\/\/www.correiodascidades.com.br\/v1\/wp-json\/wp\/v2\/users\/3"}],"replies":[{"embeddable":true,"href":"https:\/\/www.correiodascidades.com.br\/v1\/wp-json\/wp\/v2\/comments?post=9951"}],"version-history":[{"count":3,"href":"https:\/\/www.correiodascidades.com.br\/v1\/wp-json\/wp\/v2\/posts\/9951\/revisions"}],"predecessor-version":[{"id":9955,"href":"https:\/\/www.correiodascidades.com.br\/v1\/wp-json\/wp\/v2\/posts\/9951\/revisions\/9955"}],"wp:featuredmedia":[{"embeddable":true,"href":"https:\/\/www.correiodascidades.com.br\/v1\/wp-json\/wp\/v2\/media\/9952"}],"wp:attachment":[{"href":"https:\/\/www.correiodascidades.com.br\/v1\/wp-json\/wp\/v2\/media?parent=9951"}],"wp:term":[{"taxonomy":"category","embeddable":true,"href":"https:\/\/www.correiodascidades.com.br\/v1\/wp-json\/wp\/v2\/categories?post=9951"},{"taxonomy":"post_tag","embeddable":true,"href":"https:\/\/www.correiodascidades.com.br\/v1\/wp-json\/wp\/v2\/tags?post=9951"}],"curies":[{"name":"wp","href":"https:\/\/api.w.org\/{rel}","templated":true}]}}