{"id":9956,"date":"2024-03-26T22:45:09","date_gmt":"2024-03-27T01:45:09","guid":{"rendered":"https:\/\/www.correiodascidades.com.br\/v1\/?p=9956"},"modified":"2024-03-26T22:45:09","modified_gmt":"2024-03-27T01:45:09","slug":"faculdade-de-ilheus-comemora-mes-da-mulher-com-palestras-sobre-estetica-cosmetica","status":"publish","type":"post","link":"https:\/\/www.correiodascidades.com.br\/v1\/2024\/03\/26\/faculdade-de-ilheus-comemora-mes-da-mulher-com-palestras-sobre-estetica-cosmetica\/","title":{"rendered":"Faculdade de Ilh\u00e9us comemora M\u00eas da Mulher com palestras sobre Est\u00e9tica &#038; Cosm\u00e9tica\u00a0"},"content":{"rendered":"<div>\n<p><img loading=\"lazy\" class=\"\" src=\"https:\/\/www.correiodascidades.com.br\/v1\/wp-content\/uploads\/2024\/03\/Faculdade-de-Ilheus-Fotos-Victor-Rezende-3-1.jpg\" width=\"504\" height=\"378\" \/><\/p>\n<p>Em celebra\u00e7\u00e3o ao M\u00eas da Mulher, o colegiado do curso de Est\u00e9tica e Cosm\u00e9tica da Faculdade de Ilh\u00e9us promove um ciclo de palestras sobre \u201cA Beleza Feminina\u201d, que acontece no dia 27 de mar\u00e7o, no audit\u00f3rio Professora Ad\u00e9lia Maria Carvalho de Melo. O evento ser\u00e1 realizado das 18 \u00e0s 22 horas, gratuito e aberto ao p\u00fablico, e contar\u00e1 com palestras das especialistas Thatiana Poncino Lopes, Tha\u00eds Paula Reis e Thassiane Stolze Vieira.<\/p>\n<\/div>\n<div>\n<p>\u00a0Conforme a coordenadora do curso de Est\u00e9tica e Cosm\u00e9tica, professora Natally Torres, o objetivo principal deste evento vai al\u00e9m de homenagear as mulheres. \u201cBuscamos proporcionar uma experi\u00eancia completa e enriquecedora na \u00e1rea da est\u00e9tica, apresentando n\u00e3o apenas as t\u00e9cnicas tradicionais, mas tamb\u00e9m as mais inovadoras e emergentes\u201d, afirma.<\/p>\n<\/div>\n<p><!--more--><\/p>\n<div>\n<p>A professora ressalta que o ciclo de palestras tamb\u00e9m significa um momento privilegiado para os alunos e participantes interagirem diretamente com profissionais da \u00e1rea e expandirem suas redes de contatos profissionais. As inscri\u00e7\u00f5es est\u00e3o dispon\u00edveis atrav\u00e9s do link na bio do Instagram da Faculdade de Ilh\u00e9us, por\u00e9m as vagas s\u00e3o limitadas.<\/p>\n<p>A primeira palestra ser\u00e1 feita pela advogada Thatiana Poncino Lopes sobre \u201cDireito de Imagem na Est\u00e9tica\u201d. Em seguida, a m\u00e9dica dermatologista Tha\u00eds Paula Reis vai abordar o tema \u201cA est\u00e9tica facial e os cuidados com a pele\u201d. O ciclo ser\u00e1 encerrado com a palestra da oftalmologista Thassiane Stolze Vieira sobre \u201cPrecau\u00e7\u00f5es com a \u00e1rea dos olhos nos procedimentos est\u00e9ticos.\u201d<\/p>\n<\/div>\n","protected":false},"excerpt":{"rendered":"<p>Em celebra\u00e7\u00e3o ao M\u00eas da Mulher, o colegiado do curso de Est\u00e9tica e Cosm\u00e9tica da Faculdade de Ilh\u00e9us promove um ciclo de palestras sobre \u201cA Beleza Feminina\u201d, que acontece no dia 27 de mar\u00e7o, no audit\u00f3rio Professora Ad\u00e9lia Maria Carvalho de Melo. O evento ser\u00e1 realizado das 18 \u00e0s 22 horas, gratuito e aberto ao [&hellip;]<\/p>\n","protected":false},"author":3,"featured_media":9957,"comment_status":"closed","ping_status":"closed","sticky":false,"template":"","format":"standard","meta":{"_links_to":"","_links_to_target":""},"categories":[44],"tags":[],"_links":{"self":[{"href":"https:\/\/www.correiodascidades.com.br\/v1\/wp-json\/wp\/v2\/posts\/9956"}],"collection":[{"href":"https:\/\/www.correiodascidades.com.br\/v1\/wp-json\/wp\/v2\/posts"}],"about":[{"href":"https:\/\/www.correiodascidades.com.br\/v1\/wp-json\/wp\/v2\/types\/post"}],"author":[{"embeddable":true,"href":"https:\/\/www.correiodascidades.com.br\/v1\/wp-json\/wp\/v2\/users\/3"}],"replies":[{"embeddable":true,"href":"https:\/\/www.correiodascidades.com.br\/v1\/wp-json\/wp\/v2\/comments?post=9956"}],"version-history":[{"count":1,"href":"https:\/\/www.correiodascidades.com.br\/v1\/wp-json\/wp\/v2\/posts\/9956\/revisions"}],"predecessor-version":[{"id":9958,"href":"https:\/\/www.correiodascidades.com.br\/v1\/wp-json\/wp\/v2\/posts\/9956\/revisions\/9958"}],"wp:featuredmedia":[{"embeddable":true,"href":"https:\/\/www.correiodascidades.com.br\/v1\/wp-json\/wp\/v2\/media\/9957"}],"wp:attachment":[{"href":"https:\/\/www.correiodascidades.com.br\/v1\/wp-json\/wp\/v2\/media?parent=9956"}],"wp:term":[{"taxonomy":"category","embeddable":true,"href":"https:\/\/www.correiodascidades.com.br\/v1\/wp-json\/wp\/v2\/categories?post=9956"},{"taxonomy":"post_tag","embeddable":true,"href":"https:\/\/www.correiodascidades.com.br\/v1\/wp-json\/wp\/v2\/tags?post=9956"}],"curies":[{"name":"wp","href":"https:\/\/api.w.org\/{rel}","templated":true}]}}