{"id":9960,"date":"2024-03-27T06:27:28","date_gmt":"2024-03-27T09:27:28","guid":{"rendered":"https:\/\/www.correiodascidades.com.br\/v1\/?p=9960"},"modified":"2024-03-27T06:27:28","modified_gmt":"2024-03-27T09:27:28","slug":"ilheus-bairro-nelson-costa-esta-abandonado-pelos-vereadores","status":"publish","type":"post","link":"https:\/\/www.correiodascidades.com.br\/v1\/2024\/03\/27\/ilheus-bairro-nelson-costa-esta-abandonado-pelos-vereadores\/","title":{"rendered":"ILH\u00c9US: Bairro Nelson Costa est\u00e1 abandonado pelos Vereadores"},"content":{"rendered":"<p><img src=\"https:\/\/www.correiodascidades.com.br\/v1\/wp-content\/uploads\/2024\/03\/CHAPA-TRABALHO-E-COMPROMISSO-VENCE-AS-ELEICOES-DO-NELSON-COSTA-1024x768-1.jpeg\" \/><\/p>\n<p>Foi o que disse o morador e Vice-Presidente da Associa\u00e7\u00e3o Almerindo Viana. Na tarde desta ter\u00e7a feira (26), o citado membro da diretoria relatou em entrevista ao Radialista Luke Rei, que a comunidade est\u00e1 abandonada pelos edis.<\/p>\n<p>Almerindo n\u00e3o poupou esfor\u00e7os para tecer duras cr\u00edticas aos Vereadores Baiano do Amendoim e Caic Souza.<\/p>\n<p>Almerindo afirmou que se o bairro n\u00e3o se desenvolve \u00e9 por que n\u00e3o h\u00e1 interesse dos representantes legais do povo fazendo seu verdadeiro papel.<\/p>\n<p>\u201cOs caras ganharam a elei\u00e7\u00e3o e sumiram do bairro, ningu\u00e9m v\u00ea esses homens \u00e9 uma gente que s\u00f3 passa na sua porta na hora do voto depois some, foi assim que eles fizeram.\u201d<\/p>\n<p>Almerindo disse ainda, que por diversas vezes comprou amendoim na m\u00e3o de Baiano, e que depois que ele passou a ser vereador ele mudou completamente, inclusive de local dentro do bairro. <!--more--><\/p>\n<p>Enquanto isso os problemas n\u00e3o param de aparecer, s\u00e3o problemas de ordens estruturantes, buracos em diversas ruas, locais sem a devida pavimenta\u00e7\u00e3o, transporte coletivo que n\u00e3o funciona nos finais de semana atendendo a demanda, falta de energia constante, entre outras coisas.<\/p>\n<p>Perguntado sobre a Associa\u00e7\u00e3o de moradores entidade que ele representa e sobre o mandat\u00e1rio maior o Presidente Lu\u00eds meu povo, a resposta foi; Sumiu!<\/p>\n<p>Almerindo disse que Lu\u00eds meu povo depois de eleito-arranjou um emprego e desapareceu do bairro tamb\u00e9m. Indagado por um ouvinte a respeito desse fato, Almerindo disse ao ouvinte que o mesmo residia na rua em que o presidente reside e se quisesse ver era o bastante ir l\u00e1 na casa que ele mora tentar encontrar.<\/p>\n<p>O vice Presidente Almerindo destacou suas a\u00e7\u00f5es enquanto homem da diretoria que ainda est\u00e1 composta e pediu a colabora\u00e7\u00e3o de todos para continuar trabalhando at\u00e9 que uma decis\u00e3o fosse tomada a respeito do presidente.<\/p>\n","protected":false},"excerpt":{"rendered":"<p>Foi o que disse o morador e Vice-Presidente da Associa\u00e7\u00e3o Almerindo Viana. Na tarde desta ter\u00e7a feira (26), o citado membro da diretoria relatou em entrevista ao Radialista Luke Rei, que a comunidade est\u00e1 abandonada pelos edis. Almerindo n\u00e3o poupou esfor\u00e7os para tecer duras cr\u00edticas aos Vereadores Baiano do Amendoim e Caic Souza. Almerindo afirmou [&hellip;]<\/p>\n","protected":false},"author":3,"featured_media":9961,"comment_status":"closed","ping_status":"closed","sticky":false,"template":"","format":"standard","meta":{"_links_to":"","_links_to_target":""},"categories":[1],"tags":[],"_links":{"self":[{"href":"https:\/\/www.correiodascidades.com.br\/v1\/wp-json\/wp\/v2\/posts\/9960"}],"collection":[{"href":"https:\/\/www.correiodascidades.com.br\/v1\/wp-json\/wp\/v2\/posts"}],"about":[{"href":"https:\/\/www.correiodascidades.com.br\/v1\/wp-json\/wp\/v2\/types\/post"}],"author":[{"embeddable":true,"href":"https:\/\/www.correiodascidades.com.br\/v1\/wp-json\/wp\/v2\/users\/3"}],"replies":[{"embeddable":true,"href":"https:\/\/www.correiodascidades.com.br\/v1\/wp-json\/wp\/v2\/comments?post=9960"}],"version-history":[{"count":1,"href":"https:\/\/www.correiodascidades.com.br\/v1\/wp-json\/wp\/v2\/posts\/9960\/revisions"}],"predecessor-version":[{"id":9962,"href":"https:\/\/www.correiodascidades.com.br\/v1\/wp-json\/wp\/v2\/posts\/9960\/revisions\/9962"}],"wp:featuredmedia":[{"embeddable":true,"href":"https:\/\/www.correiodascidades.com.br\/v1\/wp-json\/wp\/v2\/media\/9961"}],"wp:attachment":[{"href":"https:\/\/www.correiodascidades.com.br\/v1\/wp-json\/wp\/v2\/media?parent=9960"}],"wp:term":[{"taxonomy":"category","embeddable":true,"href":"https:\/\/www.correiodascidades.com.br\/v1\/wp-json\/wp\/v2\/categories?post=9960"},{"taxonomy":"post_tag","embeddable":true,"href":"https:\/\/www.correiodascidades.com.br\/v1\/wp-json\/wp\/v2\/tags?post=9960"}],"curies":[{"name":"wp","href":"https:\/\/api.w.org\/{rel}","templated":true}]}}