{"id":9969,"date":"2024-03-27T09:07:49","date_gmt":"2024-03-27T12:07:49","guid":{"rendered":"https:\/\/www.correiodascidades.com.br\/v1\/?p=9969"},"modified":"2024-03-27T13:43:49","modified_gmt":"2024-03-27T16:43:49","slug":"cdl-de-ilheus-lanca-agenda-comemorativa-pelos-50-anos-de-fundacao","status":"publish","type":"post","link":"https:\/\/www.correiodascidades.com.br\/v1\/2024\/03\/27\/cdl-de-ilheus-lanca-agenda-comemorativa-pelos-50-anos-de-fundacao\/","title":{"rendered":"CDL de Ilh\u00e9us lan\u00e7a agenda comemorativa pelos 50 anos de funda\u00e7\u00e3o"},"content":{"rendered":"<p><img loading=\"lazy\" class=\"\" src=\"https:\/\/www.correiodascidades.com.br\/v1\/wp-content\/uploads\/2024\/03\/57006e60-1621-472f-afb2-c0217ec26a7b-CDL-300x300.jpeg\" width=\"233\" height=\"233\" \/><\/p>\n<p>No dia 20 de setembro deste ano a C\u00e2mara de Dirigentes Lojistas (CDL) de Ilh\u00e9us completa 50 anos de atua\u00e7\u00e3o. Para celebrar essa marca t\u00e3o importante, a entidade reuniu associados, empres\u00e1rios e lideran\u00e7as do setor varejista local, na manh\u00e3 desta ter\u00e7a-feira, dia 26 de mar\u00e7o, para apresentar a agenda de eventos e a\u00e7\u00f5es promocionais que a CDL idealizou para este ano. Toda a grade foi apresentada pelo presidente da CDL, Anselmo Clement.\u00a0 A cria\u00e7\u00e3o da agenda<!--more--> comemorativa e a nova marca da entidade foram elaboradas pela diretoria, considerando as campanhas &#8220;Ilh\u00e9us, Cidade da Sorte&#8221; e &#8220;Natal Encantado no com\u00e9rcio de Ilh\u00e9us&#8221;. &#8220;Para celebrar esse momento t\u00e3o especial, vamos realizar uma s\u00e9rie de eventos, a exemplo de palestras motivacionais e homenagens aos &#8220;Amigos da CDL&#8221;, al\u00e9m de uma festa bel\u00edssima no Centro de Conven\u00e7\u00f5es para comemorar juntos aos nossos associados e patrocinadores&#8221;, salientou Anselmo Clement.<\/p>\n<p>Hist\u00f3ria &#8211; Em 20 de setembro de 1974, a entidade foi fundada por um grupo de empres\u00e1rios locais, tendo como primeiro presidente o empres\u00e1rio Mois\u00e9s Bohana. Anos mais tarde, o Clube de Diretores se tornou C\u00e2mara de Dirigentes Lojistas, entidade sem fins lucrativos, vinculada a Confedera\u00e7\u00e3o Nacional e a Federa\u00e7\u00e3o Baiana das CDLs. Entre seus objetivos est\u00e1 o de fomentar o com\u00e9rcio local e lutar pelas causas do setor varejista.<\/p>\n","protected":false},"excerpt":{"rendered":"<p>No dia 20 de setembro deste ano a C\u00e2mara de Dirigentes Lojistas (CDL) de Ilh\u00e9us completa 50 anos de atua\u00e7\u00e3o. Para celebrar essa marca t\u00e3o importante, a entidade reuniu associados, empres\u00e1rios e lideran\u00e7as do setor varejista local, na manh\u00e3 desta ter\u00e7a-feira, dia 26 de mar\u00e7o, para apresentar a agenda de eventos e a\u00e7\u00f5es promocionais que [&hellip;]<\/p>\n","protected":false},"author":3,"featured_media":9970,"comment_status":"closed","ping_status":"closed","sticky":false,"template":"","format":"standard","meta":{"_links_to":"","_links_to_target":""},"categories":[1],"tags":[],"_links":{"self":[{"href":"https:\/\/www.correiodascidades.com.br\/v1\/wp-json\/wp\/v2\/posts\/9969"}],"collection":[{"href":"https:\/\/www.correiodascidades.com.br\/v1\/wp-json\/wp\/v2\/posts"}],"about":[{"href":"https:\/\/www.correiodascidades.com.br\/v1\/wp-json\/wp\/v2\/types\/post"}],"author":[{"embeddable":true,"href":"https:\/\/www.correiodascidades.com.br\/v1\/wp-json\/wp\/v2\/users\/3"}],"replies":[{"embeddable":true,"href":"https:\/\/www.correiodascidades.com.br\/v1\/wp-json\/wp\/v2\/comments?post=9969"}],"version-history":[{"count":2,"href":"https:\/\/www.correiodascidades.com.br\/v1\/wp-json\/wp\/v2\/posts\/9969\/revisions"}],"predecessor-version":[{"id":9976,"href":"https:\/\/www.correiodascidades.com.br\/v1\/wp-json\/wp\/v2\/posts\/9969\/revisions\/9976"}],"wp:featuredmedia":[{"embeddable":true,"href":"https:\/\/www.correiodascidades.com.br\/v1\/wp-json\/wp\/v2\/media\/9970"}],"wp:attachment":[{"href":"https:\/\/www.correiodascidades.com.br\/v1\/wp-json\/wp\/v2\/media?parent=9969"}],"wp:term":[{"taxonomy":"category","embeddable":true,"href":"https:\/\/www.correiodascidades.com.br\/v1\/wp-json\/wp\/v2\/categories?post=9969"},{"taxonomy":"post_tag","embeddable":true,"href":"https:\/\/www.correiodascidades.com.br\/v1\/wp-json\/wp\/v2\/tags?post=9969"}],"curies":[{"name":"wp","href":"https:\/\/api.w.org\/{rel}","templated":true}]}}