{"id":9980,"date":"2024-03-28T05:59:17","date_gmt":"2024-03-28T08:59:17","guid":{"rendered":"https:\/\/www.correiodascidades.com.br\/v1\/?p=9980"},"modified":"2024-03-28T05:59:17","modified_gmt":"2024-03-28T08:59:17","slug":"suspeito-de-trafico-em-jequie-tem-mandado-cumprido-em-ipiau","status":"publish","type":"post","link":"https:\/\/www.correiodascidades.com.br\/v1\/2024\/03\/28\/suspeito-de-trafico-em-jequie-tem-mandado-cumprido-em-ipiau\/","title":{"rendered":"Suspeito de tr\u00e1fico em Jequi\u00e9 tem mandado cumprido em Ipia\u00fa"},"content":{"rendered":"<h1><img loading=\"lazy\" class=\"\" src=\"https:\/\/www.correiodascidades.com.br\/v1\/wp-content\/uploads\/2024\/03\/normal_1711482514Ipiau.jpeg\" width=\"460\" height=\"345\" \/><\/h1>\n<h1 id=\"story_title\"><span style=\"font-size: 16px;\">Um homem que estava com um mandado em aberto por tr\u00e1fico de drogas foi preso, na segunda-feira (25), no bairro S\u00e3o Jos\u00e9 Oper\u00e1rio, em Ipia\u00fa, por investigadores da Delegacia Territorial (DT) daquela cidade. Ele \u00e9 envolvido com o tr\u00e1fico no munic\u00edpio de Jequi\u00e9.<\/span><\/h1>\n<div id=\"story_text\">\n<div>Abordado pelos policiais em via p\u00fablica, o suspeito foi localizado ap\u00f3s dilig\u00eancias investigativas realizadas pela DT\/Ipia\u00fa. Com o cumprimento da ordem judicial, ele foi submetido ao exame de les\u00e3o corporal e permanece \u00e0 disposi\u00e7\u00e3o da Justi\u00e7a.<\/div>\n<\/div>\n","protected":false},"excerpt":{"rendered":"<p>Um homem que estava com um mandado em aberto por tr\u00e1fico de drogas foi preso, na segunda-feira (25), no bairro S\u00e3o Jos\u00e9 Oper\u00e1rio, em Ipia\u00fa, por investigadores da Delegacia Territorial (DT) daquela cidade. Ele \u00e9 envolvido com o tr\u00e1fico no munic\u00edpio de Jequi\u00e9. Abordado pelos policiais em via p\u00fablica, o suspeito foi localizado ap\u00f3s dilig\u00eancias [&hellip;]<\/p>\n","protected":false},"author":3,"featured_media":9981,"comment_status":"closed","ping_status":"closed","sticky":false,"template":"","format":"standard","meta":{"_links_to":"","_links_to_target":""},"categories":[11],"tags":[],"_links":{"self":[{"href":"https:\/\/www.correiodascidades.com.br\/v1\/wp-json\/wp\/v2\/posts\/9980"}],"collection":[{"href":"https:\/\/www.correiodascidades.com.br\/v1\/wp-json\/wp\/v2\/posts"}],"about":[{"href":"https:\/\/www.correiodascidades.com.br\/v1\/wp-json\/wp\/v2\/types\/post"}],"author":[{"embeddable":true,"href":"https:\/\/www.correiodascidades.com.br\/v1\/wp-json\/wp\/v2\/users\/3"}],"replies":[{"embeddable":true,"href":"https:\/\/www.correiodascidades.com.br\/v1\/wp-json\/wp\/v2\/comments?post=9980"}],"version-history":[{"count":1,"href":"https:\/\/www.correiodascidades.com.br\/v1\/wp-json\/wp\/v2\/posts\/9980\/revisions"}],"predecessor-version":[{"id":9982,"href":"https:\/\/www.correiodascidades.com.br\/v1\/wp-json\/wp\/v2\/posts\/9980\/revisions\/9982"}],"wp:featuredmedia":[{"embeddable":true,"href":"https:\/\/www.correiodascidades.com.br\/v1\/wp-json\/wp\/v2\/media\/9981"}],"wp:attachment":[{"href":"https:\/\/www.correiodascidades.com.br\/v1\/wp-json\/wp\/v2\/media?parent=9980"}],"wp:term":[{"taxonomy":"category","embeddable":true,"href":"https:\/\/www.correiodascidades.com.br\/v1\/wp-json\/wp\/v2\/categories?post=9980"},{"taxonomy":"post_tag","embeddable":true,"href":"https:\/\/www.correiodascidades.com.br\/v1\/wp-json\/wp\/v2\/tags?post=9980"}],"curies":[{"name":"wp","href":"https:\/\/api.w.org\/{rel}","templated":true}]}}