{"id":9983,"date":"2024-03-28T06:03:44","date_gmt":"2024-03-28T09:03:44","guid":{"rendered":"https:\/\/www.correiodascidades.com.br\/v1\/?p=9983"},"modified":"2024-03-28T06:03:44","modified_gmt":"2024-03-28T09:03:44","slug":"homem-e-preso-e-plantacao-de-maconha-e-achada-em-sitio-usado-de-fachada-como-criacao-de-caprinos-e-ovinos-na-bahia","status":"publish","type":"post","link":"https:\/\/www.correiodascidades.com.br\/v1\/2024\/03\/28\/homem-e-preso-e-plantacao-de-maconha-e-achada-em-sitio-usado-de-fachada-como-criacao-de-caprinos-e-ovinos-na-bahia\/","title":{"rendered":"Homem \u00e9 preso e planta\u00e7\u00e3o de maconha \u00e9 achada em s\u00edtio usado de fachada como cria\u00e7\u00e3o de caprinos e ovinos na Bahia"},"content":{"rendered":"<p><img src=\"https:\/\/www.correiodascidades.com.br\/v1\/wp-content\/uploads\/2024\/03\/MACONHAPM-491x340-1.jpg\" \/><\/p>\n<p>Um homem suspeito de tr\u00e1fico de drogas foi preso nesta quarta-feira (27) ap\u00f3s agentes das pol\u00edcias Federal e Militar encontrarem uma ro\u00e7a de maconha que renderia cerca de duas toneladas do entorpecente. O plantio estava em um s\u00edtio na cidade de Andorinha, regi\u00e3o norte da Bahia, e a propriedade era usada de fachada como cria\u00e7\u00e3o de ovinos e caprinos.<\/p>\n<p>Outro suspeito de tr\u00e1fico de drogas conseguiu fugir do local. De acordo com a Secretaria de Seguran\u00e7a P\u00fablica da Bahia (SSP-BA), a droga seria comercializada em todo o estado por uma fac\u00e7\u00e3o com atua\u00e7\u00e3o em Andorinha e nas cidades de Juazeiro, Senhor do Bonfim e Campo Formoso, todas tamb\u00e9m no norte da Bahia.<\/p>\n<p>A\u00e7\u00f5es de intelig\u00eancia de combate ao narcotr\u00e1rico, com utiliza\u00e7\u00e3o de drones, localizaram o plantio ilegal. No s\u00edtio havia uma casa de grande porte, com c\u00e2meras, que era usada para dar suporte aos criminosos. Um roteador mandava sinal de internet para os traficantes, quando estavam na mata.<!--more--><\/p>\n<p>A planta\u00e7\u00e3o contava com sistema de irriga\u00e7\u00e3o. No local foi tamb\u00e9m desmontado um acampamento, onde os policiais encontraram fog\u00e3o, botij\u00e3o, roupas camufladas, uma grande quantidade de alimentos, rem\u00e9dios, fertilizantes e defensivos agr\u00edcolas.<\/p>\n<p><strong>Combate ao narcotr\u00e1fico<\/strong><\/p>\n<p>O comandante do Policiamento na Regi\u00e3o Norte, coronel PM Valter Ara\u00fajo, ressaltou a integra\u00e7\u00e3o com a Pol\u00edcia Federal para o combate ao tr\u00e1fico de drogas. O delegado da PF Amaro Guimar\u00e3es informou que o homem natural de Pernambuco, encontrado no s\u00edtio, ser\u00e1 ouvido na delegacia da Pol\u00edcia Federal, em Juazeiro.<\/p>\n<p>Guimar\u00e3es disse ainda que as investiga\u00e7\u00f5es do caso continuam, pois o objetivo \u00e9 identificar e prender outros integrantes da organiza\u00e7\u00e3o criminosa.<\/p>\n<p>Participaram da opera\u00e7\u00e3o equipes da Cipe Caatinga, da Pol\u00edcia Federal, do 6\u00b0 Batalh\u00e3o da PM (Senhor do Bonfim) e da 54a CIPM (Campo Formoso).<\/p>\n<p><em>G1<\/em><\/p>\n<p>&nbsp;<\/p>\n","protected":false},"excerpt":{"rendered":"<p>Um homem suspeito de tr\u00e1fico de drogas foi preso nesta quarta-feira (27) ap\u00f3s agentes das pol\u00edcias Federal e Militar encontrarem uma ro\u00e7a de maconha que renderia cerca de duas toneladas do entorpecente. O plantio estava em um s\u00edtio na cidade de Andorinha, regi\u00e3o norte da Bahia, e a propriedade era usada de fachada como cria\u00e7\u00e3o [&hellip;]<\/p>\n","protected":false},"author":3,"featured_media":9984,"comment_status":"closed","ping_status":"closed","sticky":false,"template":"","format":"standard","meta":{"_links_to":"","_links_to_target":""},"categories":[1],"tags":[],"_links":{"self":[{"href":"https:\/\/www.correiodascidades.com.br\/v1\/wp-json\/wp\/v2\/posts\/9983"}],"collection":[{"href":"https:\/\/www.correiodascidades.com.br\/v1\/wp-json\/wp\/v2\/posts"}],"about":[{"href":"https:\/\/www.correiodascidades.com.br\/v1\/wp-json\/wp\/v2\/types\/post"}],"author":[{"embeddable":true,"href":"https:\/\/www.correiodascidades.com.br\/v1\/wp-json\/wp\/v2\/users\/3"}],"replies":[{"embeddable":true,"href":"https:\/\/www.correiodascidades.com.br\/v1\/wp-json\/wp\/v2\/comments?post=9983"}],"version-history":[{"count":1,"href":"https:\/\/www.correiodascidades.com.br\/v1\/wp-json\/wp\/v2\/posts\/9983\/revisions"}],"predecessor-version":[{"id":9985,"href":"https:\/\/www.correiodascidades.com.br\/v1\/wp-json\/wp\/v2\/posts\/9983\/revisions\/9985"}],"wp:featuredmedia":[{"embeddable":true,"href":"https:\/\/www.correiodascidades.com.br\/v1\/wp-json\/wp\/v2\/media\/9984"}],"wp:attachment":[{"href":"https:\/\/www.correiodascidades.com.br\/v1\/wp-json\/wp\/v2\/media?parent=9983"}],"wp:term":[{"taxonomy":"category","embeddable":true,"href":"https:\/\/www.correiodascidades.com.br\/v1\/wp-json\/wp\/v2\/categories?post=9983"},{"taxonomy":"post_tag","embeddable":true,"href":"https:\/\/www.correiodascidades.com.br\/v1\/wp-json\/wp\/v2\/tags?post=9983"}],"curies":[{"name":"wp","href":"https:\/\/api.w.org\/{rel}","templated":true}]}}