{"id":9991,"date":"2024-03-28T16:46:41","date_gmt":"2024-03-28T19:46:41","guid":{"rendered":"https:\/\/www.correiodascidades.com.br\/v1\/?p=9991"},"modified":"2024-03-28T16:46:41","modified_gmt":"2024-03-28T19:46:41","slug":"paris-e-o-destino-preferido-no-governo-lula-em-21-mil-viagens-so-este-ano","status":"publish","type":"post","link":"https:\/\/www.correiodascidades.com.br\/v1\/2024\/03\/28\/paris-e-o-destino-preferido-no-governo-lula-em-21-mil-viagens-so-este-ano\/","title":{"rendered":"Paris \u00e9 o destino preferido no governo Lula em 2,1 mil viagens s\u00f3 este ano"},"content":{"rendered":"<p><img loading=\"lazy\" class=\"\" src=\"https:\/\/www.correiodascidades.com.br\/v1\/wp-content\/uploads\/2024\/03\/Paris-calor-verao-Foto-reproducao-CNN-960x563-1-_1_.jpeg\" width=\"515\" height=\"302\" \/><\/p>\n<p><span class=\"dropcap \">N<\/span>ada de Havana (Cuba), Caracas (Venezuela) ou Pyongyang (Coreia do Norte): o destino predileto dos servidores federais do governo Lula (PT) \u00e9 a glamourosa Paris. Segundo o pr\u00f3prio o Portal da Transpar\u00eancia, a capital da Fran\u00e7a lidera a lista de viagens custeada pelo bolso dos brasileiros, seguida das cidades Washington (EUA), Lisboa (Portugal), Buenos Aires (Argentina), Nova York (EUA) e Assun\u00e7\u00e3o (Paraguai). O total de levantamentos n\u00e3o leva em conta passeios de Lula, Janja &amp; cia. Conta cara\u00a0 S\u00f3 Lula e Janja j\u00e1 gastaram mais de R$70 milh\u00f5es em tours no exterior e passou quase tr\u00eas meses flanando fora do Pa\u00eds em hot\u00e9is de alto luxo.<\/p>\n<div class=\"notas\">\n<div id=\"Nota-3\" class=\"entry-block ch-nota Nota-3\">\n<h3>E a gente pagando<\/h3>\n<\/div>\n<p>Lula e Janja passeiam no belo Airbus da FAB, e o vice Geraldo Alckmin, ministros de Estado e presidentes de Poder usam jatinhos.<\/p>\n<div id=\"Nota-4\" class=\"entry-block ch-nota Nota-4\">\n<h3>Farra s\u00f3 aumenta<\/h3>\n<\/div>\n<p>A Transpar\u00eancia j\u00e1 registra mais de 2,1 mil viagens internacionais realizadas (e pagas) em menos de tr\u00eas meses neste ano de 2024.<\/p>\n<div id=\"Nota-5\" class=\"entry-block ch-nota Nota-5\">\n<h3>Visita \u00e0s pir\u00e2mides<\/h3>\n<\/div>\n<\/div>\n<div class=\"notas\">\n<p>Cairo, capital do Egito, entrou nos Top 10 destinos do governo federal ap\u00f3s o passeio de Lula &amp; cia \u00e0s pir\u00e2mides, esfinge etc.<\/p>\n<\/div>\n","protected":false},"excerpt":{"rendered":"<p>Nada de Havana (Cuba), Caracas (Venezuela) ou Pyongyang (Coreia do Norte): o destino predileto dos servidores federais do governo Lula (PT) \u00e9 a glamourosa Paris. Segundo o pr\u00f3prio o Portal da Transpar\u00eancia, a capital da Fran\u00e7a lidera a lista de viagens custeada pelo bolso dos brasileiros, seguida das cidades Washington (EUA), Lisboa (Portugal), Buenos Aires [&hellip;]<\/p>\n","protected":false},"author":3,"featured_media":9992,"comment_status":"closed","ping_status":"closed","sticky":false,"template":"","format":"standard","meta":{"_links_to":"","_links_to_target":""},"categories":[1],"tags":[],"_links":{"self":[{"href":"https:\/\/www.correiodascidades.com.br\/v1\/wp-json\/wp\/v2\/posts\/9991"}],"collection":[{"href":"https:\/\/www.correiodascidades.com.br\/v1\/wp-json\/wp\/v2\/posts"}],"about":[{"href":"https:\/\/www.correiodascidades.com.br\/v1\/wp-json\/wp\/v2\/types\/post"}],"author":[{"embeddable":true,"href":"https:\/\/www.correiodascidades.com.br\/v1\/wp-json\/wp\/v2\/users\/3"}],"replies":[{"embeddable":true,"href":"https:\/\/www.correiodascidades.com.br\/v1\/wp-json\/wp\/v2\/comments?post=9991"}],"version-history":[{"count":1,"href":"https:\/\/www.correiodascidades.com.br\/v1\/wp-json\/wp\/v2\/posts\/9991\/revisions"}],"predecessor-version":[{"id":9993,"href":"https:\/\/www.correiodascidades.com.br\/v1\/wp-json\/wp\/v2\/posts\/9991\/revisions\/9993"}],"wp:featuredmedia":[{"embeddable":true,"href":"https:\/\/www.correiodascidades.com.br\/v1\/wp-json\/wp\/v2\/media\/9992"}],"wp:attachment":[{"href":"https:\/\/www.correiodascidades.com.br\/v1\/wp-json\/wp\/v2\/media?parent=9991"}],"wp:term":[{"taxonomy":"category","embeddable":true,"href":"https:\/\/www.correiodascidades.com.br\/v1\/wp-json\/wp\/v2\/categories?post=9991"},{"taxonomy":"post_tag","embeddable":true,"href":"https:\/\/www.correiodascidades.com.br\/v1\/wp-json\/wp\/v2\/tags?post=9991"}],"curies":[{"name":"wp","href":"https:\/\/api.w.org\/{rel}","templated":true}]}}