{"id":9994,"date":"2024-03-28T16:52:38","date_gmt":"2024-03-28T19:52:38","guid":{"rendered":"https:\/\/www.correiodascidades.com.br\/v1\/?p=9994"},"modified":"2024-03-28T16:52:38","modified_gmt":"2024-03-28T19:52:38","slug":"nisia-entrega-cabeca-de-auxiliar-para-nao-perder-o-cargo","status":"publish","type":"post","link":"https:\/\/www.correiodascidades.com.br\/v1\/2024\/03\/28\/nisia-entrega-cabeca-de-auxiliar-para-nao-perder-o-cargo\/","title":{"rendered":"N\u00edsia entrega cabe\u00e7a de auxiliar para n\u00e3o perder o cargo"},"content":{"rendered":"<p><img loading=\"lazy\" class=\"\" src=\"https:\/\/www.correiodascidades.com.br\/v1\/wp-content\/uploads\/2024\/03\/9725cbb6-nisia-trindade-min-saude-by-julia-prado-ms-_1_.jpeg\" width=\"482\" height=\"317\" \/><\/p>\n<p><span class=\"dropcap \">A <\/span>ministra da Sa\u00fade, N\u00edsia Trindade, faz o diabo para continuar no cargo. Agora, entregou a cabe\u00e7a de uma subordinada para terceirizar incapacidade de distribuir medicamentos para portadores de hansen\u00edase. \u00c9 mais um fracasso de N\u00edsia, ap\u00f3s incinera\u00e7\u00e3o de rem\u00e9dios comprados para os ianomamis, que nunca morreram tanto quanto em 2023, j\u00e1 no governo Lula (PT), e sua atitude negacionista na epidemia de dengue. Agora, ela entregou a cabe\u00e7a de uma auxiliar, no caso da hansen\u00edase.<\/p>\n<div class=\"notas\">\n<div id=\"Nota-2\" class=\"entry-block ch-nota Nota-2\">\n<h3>Dedo r\u00e1pido<\/h3>\n<\/div>\n<p>A ministra da Sa\u00fade culpou o mordomo, ops, a chefe de Vigil\u00e2ncia das Doen\u00e7as em Elimina\u00e7\u00e3o, e j\u00e1 mandou substituir a auxiliar.<\/p>\n<div id=\"Nota-3\" class=\"entry-block ch-nota Nota-3\">\n<h3>Pedala, ministra<\/h3>\n<\/div>\n<p>At\u00e9 25 de mar\u00e7o j\u00e1 somavam quase 2,3 milh\u00f5es de casos e 758 mortes na epidemia de dengue, ante a passividade da ministra da Sa\u00fade.<\/p>\n<div id=\"Nota-4\" class=\"entry-block ch-nota Nota-4\">\n<h3>Trag\u00e9dia sanit\u00e1ria<\/h3>\n<\/div>\n<p>O total de mortes provocadas pela dengue pode chegar a mais de 2 mil, considerando os casos ainda sob investiga\u00e7\u00e3o de autoridades sanit\u00e1rias.<\/p>\n<div id=\"Nota-5\" class=\"entry-block ch-nota Nota-5\">\n<h3>Dengue se alastra<\/h3>\n<\/div>\n<p>J\u00e1 s\u00e3o 382, localizados em 11 estados, correspondente a 7% do Pa\u00eds, os munic\u00edpios em estado de emerg\u00eancia por causa da epidemia de dengue.<\/p>\n<\/div>\n","protected":false},"excerpt":{"rendered":"<p>A ministra da Sa\u00fade, N\u00edsia Trindade, faz o diabo para continuar no cargo. Agora, entregou a cabe\u00e7a de uma subordinada para terceirizar incapacidade de distribuir medicamentos para portadores de hansen\u00edase. \u00c9 mais um fracasso de N\u00edsia, ap\u00f3s incinera\u00e7\u00e3o de rem\u00e9dios comprados para os ianomamis, que nunca morreram tanto quanto em 2023, j\u00e1 no governo Lula [&hellip;]<\/p>\n","protected":false},"author":3,"featured_media":9995,"comment_status":"closed","ping_status":"closed","sticky":false,"template":"","format":"standard","meta":{"_links_to":"","_links_to_target":""},"categories":[1],"tags":[],"_links":{"self":[{"href":"https:\/\/www.correiodascidades.com.br\/v1\/wp-json\/wp\/v2\/posts\/9994"}],"collection":[{"href":"https:\/\/www.correiodascidades.com.br\/v1\/wp-json\/wp\/v2\/posts"}],"about":[{"href":"https:\/\/www.correiodascidades.com.br\/v1\/wp-json\/wp\/v2\/types\/post"}],"author":[{"embeddable":true,"href":"https:\/\/www.correiodascidades.com.br\/v1\/wp-json\/wp\/v2\/users\/3"}],"replies":[{"embeddable":true,"href":"https:\/\/www.correiodascidades.com.br\/v1\/wp-json\/wp\/v2\/comments?post=9994"}],"version-history":[{"count":1,"href":"https:\/\/www.correiodascidades.com.br\/v1\/wp-json\/wp\/v2\/posts\/9994\/revisions"}],"predecessor-version":[{"id":9996,"href":"https:\/\/www.correiodascidades.com.br\/v1\/wp-json\/wp\/v2\/posts\/9994\/revisions\/9996"}],"wp:featuredmedia":[{"embeddable":true,"href":"https:\/\/www.correiodascidades.com.br\/v1\/wp-json\/wp\/v2\/media\/9995"}],"wp:attachment":[{"href":"https:\/\/www.correiodascidades.com.br\/v1\/wp-json\/wp\/v2\/media?parent=9994"}],"wp:term":[{"taxonomy":"category","embeddable":true,"href":"https:\/\/www.correiodascidades.com.br\/v1\/wp-json\/wp\/v2\/categories?post=9994"},{"taxonomy":"post_tag","embeddable":true,"href":"https:\/\/www.correiodascidades.com.br\/v1\/wp-json\/wp\/v2\/tags?post=9994"}],"curies":[{"name":"wp","href":"https:\/\/api.w.org\/{rel}","templated":true}]}}